{"id":90325,"date":"2022-11-29T11:21:18","date_gmt":"2022-11-29T14:21:18","guid":{"rendered":"https:\/\/blogdoedvaldomagalhaes.com.br\/?p=90325"},"modified":"2022-11-29T11:21:19","modified_gmt":"2022-11-29T14:21:19","slug":"vereador-jorge-quintino-solicita-a-obrigatoriedade-de-um-profissional-de-seguranca-nas-escolas-municipais-de-caruaru","status":"publish","type":"post","link":"https:\/\/blogdoedvaldomagalhaes.com.br\/index.php\/2022\/11\/29\/vereador-jorge-quintino-solicita-a-obrigatoriedade-de-um-profissional-de-seguranca-nas-escolas-municipais-de-caruaru\/","title":{"rendered":"Vereador Jorge Quintino solicita a obrigatoriedade de um profissional de seguran\u00e7a nas escolas municipais de Caruaru"},"content":{"rendered":"<p style=\"text-align: justify;\"><span style=\"color: initial; font-size: revert;\">Na tarde desta ter\u00e7a-feira (29), ser\u00e1 realizada a 58\u00aa sess\u00e3o ordin\u00e1ria da C\u00e2mara de Vereadores de Caruaru. Durante a reuni\u00e3o, Jorge Quintino (SD) apresentar\u00e1 um Anteprojeto de Lei sobre a obrigatoriedade de um profissional de seguran\u00e7a 24 horas nas escolas municipais de Caruaru, treinado e qualificado, para atuar no controle de entradas e sa\u00eddas, com m\u00e9todos adequados para agir preventivamente e evitar poss\u00edveis amea\u00e7as \u00e0 seguran\u00e7a escolar.<\/span><\/p>\n<p style=\"text-align: justify;\">\u201cSabemos que seguran\u00e7a nas escolas tornou-se um tema de ampla discuss\u00e3o diante da crescente onda de atos de viol\u00eancia cometidos por alunos contra professores, funcion\u00e1rios e colegas de escola. Este Anteprojeto tem como objetivo promover a seguran\u00e7a no ambiente escolar, tanto para os alunos, quanto para seus pais, que estar\u00e3o mais tranquilos sabendo que seus filhos est\u00e3o em um local que prover n\u00e3o apenas educa\u00e7\u00e3o, mas tamb\u00e9m seguran\u00e7a\u201d, ressaltou o vereador.<\/p>\n<p style=\"text-align: justify;\">Na sess\u00e3o, Jorge Quintino tamb\u00e9m apresentar\u00e1 um requerimento a respeito do funcionamento do Conselho de Defesa do Meio Ambiente \u2014 CONDEMA, onde existe a necessidade de tomar provid\u00eancias urgentes sobre a realiza\u00e7\u00e3o de assembleias e reuni\u00f5es das C\u00e2maras T\u00e9cnicas e de seus Grupos de Trabalho.<\/p>\n<p style=\"text-align: justify;\">As reuni\u00f5es existente do CONDEMA tratam de debates de muita import\u00e2ncia, principalmente as que dizem respeito \u00e0s \u00e1reas de preserva\u00e7\u00e3o ambiental como os parques e pra\u00e7as, e a Unidade de Conserva\u00e7\u00e3o Municipal, o Parque Professor Jo\u00e3o Vasconcelos Sobrinho, conhecido como Serra dos Cavalos.<\/p>\n<p style=\"text-align: justify;\">\u201c\u00c9 de suma import\u00e2ncia tomar tais provid\u00eancias, de modo a formular com participa\u00e7\u00e3o democr\u00e1tica das pol\u00edticas p\u00fablicas, bem como evitar danos \u00e0 fauna e \u00e0 flora, polui\u00e7\u00e3o visual e da cidade e da zona rural, o direito ao meio ambiente ecologicamente equilibrado, o bem do uso comum do povo e essencial qualidade de vida, impondo-se ao Poder P\u00fablico e a coletividade, o dever de defend\u00ea-lo e preserv\u00e1-lo para as presentes e futuras gera\u00e7\u00f5es\u201d, finaliza Jorge Quintino.<\/p>\n<p style=\"text-align: justify;\">A sess\u00e3o legislativa ocorrer\u00e1 na Casa Jornalista Jos\u00e9 Carlos Flor\u00eancio, a partir das 16h. Foto: Vladimir Barreto Rodrigues.<\/p>\n<p style=\"text-align: justify;\">Siga o Instagram do Blog @blogdoedvaldomagalhaes<\/p>\n","protected":false},"excerpt":{"rendered":"<p>Na tarde desta ter\u00e7a-feira (29), ser\u00e1 realizada a 58\u00aa sess\u00e3o ordin\u00e1ria da C\u00e2mara de Vereadores de Caruaru. Durante a reuni\u00e3o,&hellip;<\/p>\n","protected":false},"author":1,"featured_media":90326,"comment_status":"closed","ping_status":"open","sticky":false,"template":"","format":"standard","meta":{"footnotes":""},"categories":[14122],"tags":[2,19532,3406,20,26187],"class_list":["post-90325","post","type-post","status-publish","format-standard","has-post-thumbnail","hentry","category-politica","tag-blog-do-edvaldo-magalhaes","tag-blog-mais-acessado-e-visualizado-de-caruaru-e-regiao","tag-caruaru","tag-politica","tag-vereador-jorge-quintino-solicita-a-obrigatoriedade-de-um-profissional-de-seguranca-nas-escolas-municipais-de-caruaru"],"_links":{"self":[{"href":"https:\/\/blogdoedvaldomagalhaes.com.br\/index.php\/wp-json\/wp\/v2\/posts\/90325","targetHints":{"allow":["GET"]}}],"collection":[{"href":"https:\/\/blogdoedvaldomagalhaes.com.br\/index.php\/wp-json\/wp\/v2\/posts"}],"about":[{"href":"https:\/\/blogdoedvaldomagalhaes.com.br\/index.php\/wp-json\/wp\/v2\/types\/post"}],"author":[{"embeddable":true,"href":"https:\/\/blogdoedvaldomagalhaes.com.br\/index.php\/wp-json\/wp\/v2\/users\/1"}],"replies":[{"embeddable":true,"href":"https:\/\/blogdoedvaldomagalhaes.com.br\/index.php\/wp-json\/wp\/v2\/comments?post=90325"}],"version-history":[{"count":1,"href":"https:\/\/blogdoedvaldomagalhaes.com.br\/index.php\/wp-json\/wp\/v2\/posts\/90325\/revisions"}],"predecessor-version":[{"id":90327,"href":"https:\/\/blogdoedvaldomagalhaes.com.br\/index.php\/wp-json\/wp\/v2\/posts\/90325\/revisions\/90327"}],"wp:featuredmedia":[{"embeddable":true,"href":"https:\/\/blogdoedvaldomagalhaes.com.br\/index.php\/wp-json\/wp\/v2\/media\/90326"}],"wp:attachment":[{"href":"https:\/\/blogdoedvaldomagalhaes.com.br\/index.php\/wp-json\/wp\/v2\/media?parent=90325"}],"wp:term":[{"taxonomy":"category","embeddable":true,"href":"https:\/\/blogdoedvaldomagalhaes.com.br\/index.php\/wp-json\/wp\/v2\/categories?post=90325"},{"taxonomy":"post_tag","embeddable":true,"href":"https:\/\/blogdoedvaldomagalhaes.com.br\/index.php\/wp-json\/wp\/v2\/tags?post=90325"}],"curies":[{"name":"wp","href":"https:\/\/api.w.org\/{rel}","templated":true}]}}