{"id":90322,"date":"2022-11-29T11:11:46","date_gmt":"2022-11-29T14:11:46","guid":{"rendered":"https:\/\/blogdoedvaldomagalhaes.com.br\/?p=90322"},"modified":"2022-11-29T11:11:47","modified_gmt":"2022-11-29T14:11:47","slug":"operacao-conjunta-entre-pm-e-pf-apreende-mais-de-500-kg-de-drogas","status":"publish","type":"post","link":"https:\/\/blogdoedvaldomagalhaes.com.br\/index.php\/2022\/11\/29\/operacao-conjunta-entre-pm-e-pf-apreende-mais-de-500-kg-de-drogas\/","title":{"rendered":"Opera\u00e7\u00e3o conjunta entre PM e PF apreende mais de 500 kg de drogas"},"content":{"rendered":"<p style=\"text-align: justify;\"><span style=\"font-size: revert; color: initial;\">Durante uma a\u00e7\u00e3o integrada entre a Pol\u00edcia Militar e a Pol\u00edcia Federal, uma grande quantidade de drogas foi apreendida, na tarde de segunda-feira (28), no Recife. Equipes do 17\u00ba BPM receberam informa\u00e7\u00f5es sobre uma grande carga de entorpecentes que chegaria no bairro do Cordeiro, vinda do estado de S\u00e3o Paulo, e que abasteceria as cidades de Abreu e Lima e Paulista.<\/span><\/p>\n<p style=\"text-align: justify;\">Os policiais montaram uma opera\u00e7\u00e3o e conseguiram abordar o caminh\u00e3o, onde os suspeitos estariam descarregando a carga. Quatro homens foram detidos, sendo dois deles naturais de S\u00e3o Paulo e dois de Pernambuco.<\/p>\n<p style=\"text-align: justify;\">Com eles, foram apreendidos 570 tabletes de maconha prensada, totalizando 492 kg; e 21 tabletes de crack, com 21,5 kg. Diante dos fatos, os suspeitos foram conduzidos para a Delegacia de Pol\u00edcia Federal para ado\u00e7\u00e3o das provid\u00eancias legais cab\u00edveis. Foto: Divulga\u00e7\u00e3o\/PMPE.<\/p>\n<p style=\"text-align: justify;\">Siga o Instagram do Blog @blogdoedvaldomagalhaes<\/p>\n","protected":false},"excerpt":{"rendered":"<p>Durante uma a\u00e7\u00e3o integrada entre a Pol\u00edcia Militar e a Pol\u00edcia Federal, uma grande quantidade de drogas foi apreendida, na&hellip;<\/p>\n","protected":false},"author":1,"featured_media":90323,"comment_status":"closed","ping_status":"open","sticky":false,"template":"","format":"standard","meta":{"footnotes":""},"categories":[14121],"tags":[2,19532,3406,26186],"class_list":["post-90322","post","type-post","status-publish","format-standard","has-post-thumbnail","hentry","category-policial","tag-blog-do-edvaldo-magalhaes","tag-blog-mais-acessado-e-visualizado-de-caruaru-e-regiao","tag-caruaru","tag-operacao-conjunta-entre-pm-e-pf-apreende-mais-de-500-kg-de-drogas"],"_links":{"self":[{"href":"https:\/\/blogdoedvaldomagalhaes.com.br\/index.php\/wp-json\/wp\/v2\/posts\/90322","targetHints":{"allow":["GET"]}}],"collection":[{"href":"https:\/\/blogdoedvaldomagalhaes.com.br\/index.php\/wp-json\/wp\/v2\/posts"}],"about":[{"href":"https:\/\/blogdoedvaldomagalhaes.com.br\/index.php\/wp-json\/wp\/v2\/types\/post"}],"author":[{"embeddable":true,"href":"https:\/\/blogdoedvaldomagalhaes.com.br\/index.php\/wp-json\/wp\/v2\/users\/1"}],"replies":[{"embeddable":true,"href":"https:\/\/blogdoedvaldomagalhaes.com.br\/index.php\/wp-json\/wp\/v2\/comments?post=90322"}],"version-history":[{"count":1,"href":"https:\/\/blogdoedvaldomagalhaes.com.br\/index.php\/wp-json\/wp\/v2\/posts\/90322\/revisions"}],"predecessor-version":[{"id":90324,"href":"https:\/\/blogdoedvaldomagalhaes.com.br\/index.php\/wp-json\/wp\/v2\/posts\/90322\/revisions\/90324"}],"wp:featuredmedia":[{"embeddable":true,"href":"https:\/\/blogdoedvaldomagalhaes.com.br\/index.php\/wp-json\/wp\/v2\/media\/90323"}],"wp:attachment":[{"href":"https:\/\/blogdoedvaldomagalhaes.com.br\/index.php\/wp-json\/wp\/v2\/media?parent=90322"}],"wp:term":[{"taxonomy":"category","embeddable":true,"href":"https:\/\/blogdoedvaldomagalhaes.com.br\/index.php\/wp-json\/wp\/v2\/categories?post=90322"},{"taxonomy":"post_tag","embeddable":true,"href":"https:\/\/blogdoedvaldomagalhaes.com.br\/index.php\/wp-json\/wp\/v2\/tags?post=90322"}],"curies":[{"name":"wp","href":"https:\/\/api.w.org\/{rel}","templated":true}]}}