{"id":90319,"date":"2022-11-29T09:04:37","date_gmt":"2022-11-29T12:04:37","guid":{"rendered":"https:\/\/blogdoedvaldomagalhaes.com.br\/?p=90319"},"modified":"2022-11-29T09:04:39","modified_gmt":"2022-11-29T12:04:39","slug":"caruaru-city-inicia-nesta-terca-preparacao-para-o-campeonato-pernambucano-2023","status":"publish","type":"post","link":"https:\/\/blogdoedvaldomagalhaes.com.br\/index.php\/2022\/11\/29\/caruaru-city-inicia-nesta-terca-preparacao-para-o-campeonato-pernambucano-2023\/","title":{"rendered":"Caruaru City inicia nesta ter\u00e7a prepara\u00e7\u00e3o para o Campeonato Pernambucano 2023"},"content":{"rendered":"<p style=\"text-align: justify;\"><span style=\"font-size: revert; color: initial;\">A temporada do futebol profissional do Caruaru City come\u00e7a nesta ter\u00e7a-feira (29). O clube realiza, a partir das 9h, no CT Ninho do Gavi\u00e3o, o primeiro treinamento com o elenco para disputa do Campeonato Pernambucano 2023.<\/span><\/p>\n<p style=\"text-align: justify;\">O Caruaru City vai para o terceiro ano no futebol profissional. O clube soma campanhas de destaques, como o 6\u00b0 lugar no Campeonato Pernambucano A1 deste ano, ap\u00f3s chegar nas quartas de final contra o Santa Cruz, e o t\u00edtulo da S\u00e9rie A2 em 2021.<\/p>\n<p style=\"text-align: justify;\">Neste temporada, a equipe ter\u00e1 o comando do experiente treinador Adelmo Soares, de 61 anos, anunciado no in\u00edcio do m\u00eas. O Campeonato Pernambucano da primeira divis\u00e3o de 2023 tem previs\u00e3o de in\u00edcio para o dia 7 de janeiro.<\/p>\n<p style=\"text-align: justify;\">Fotos: Ellen Galv\u00e3o\/Caruaru City.<\/p>\n<p style=\"text-align: justify;\">Siga o Instagram do Blog @blogdoedvaldomagalhaes<\/p>\n","protected":false},"excerpt":{"rendered":"<p>A temporada do futebol profissional do Caruaru City come\u00e7a nesta ter\u00e7a-feira (29). O clube realiza, a partir das 9h, no&hellip;<\/p>\n","protected":false},"author":1,"featured_media":90320,"comment_status":"closed","ping_status":"open","sticky":false,"template":"","format":"standard","meta":{"footnotes":""},"categories":[14120],"tags":[2,19532,3406,26185,3],"class_list":["post-90319","post","type-post","status-publish","format-standard","has-post-thumbnail","hentry","category-noticias","tag-blog-do-edvaldo-magalhaes","tag-blog-mais-acessado-e-visualizado-de-caruaru-e-regiao","tag-caruaru","tag-caruaru-city-inicia-nesta-terca-preparacao-para-o-campeonato-pernambucano-2023","tag-futebol"],"_links":{"self":[{"href":"https:\/\/blogdoedvaldomagalhaes.com.br\/index.php\/wp-json\/wp\/v2\/posts\/90319","targetHints":{"allow":["GET"]}}],"collection":[{"href":"https:\/\/blogdoedvaldomagalhaes.com.br\/index.php\/wp-json\/wp\/v2\/posts"}],"about":[{"href":"https:\/\/blogdoedvaldomagalhaes.com.br\/index.php\/wp-json\/wp\/v2\/types\/post"}],"author":[{"embeddable":true,"href":"https:\/\/blogdoedvaldomagalhaes.com.br\/index.php\/wp-json\/wp\/v2\/users\/1"}],"replies":[{"embeddable":true,"href":"https:\/\/blogdoedvaldomagalhaes.com.br\/index.php\/wp-json\/wp\/v2\/comments?post=90319"}],"version-history":[{"count":1,"href":"https:\/\/blogdoedvaldomagalhaes.com.br\/index.php\/wp-json\/wp\/v2\/posts\/90319\/revisions"}],"predecessor-version":[{"id":90321,"href":"https:\/\/blogdoedvaldomagalhaes.com.br\/index.php\/wp-json\/wp\/v2\/posts\/90319\/revisions\/90321"}],"wp:featuredmedia":[{"embeddable":true,"href":"https:\/\/blogdoedvaldomagalhaes.com.br\/index.php\/wp-json\/wp\/v2\/media\/90320"}],"wp:attachment":[{"href":"https:\/\/blogdoedvaldomagalhaes.com.br\/index.php\/wp-json\/wp\/v2\/media?parent=90319"}],"wp:term":[{"taxonomy":"category","embeddable":true,"href":"https:\/\/blogdoedvaldomagalhaes.com.br\/index.php\/wp-json\/wp\/v2\/categories?post=90319"},{"taxonomy":"post_tag","embeddable":true,"href":"https:\/\/blogdoedvaldomagalhaes.com.br\/index.php\/wp-json\/wp\/v2\/tags?post=90319"}],"curies":[{"name":"wp","href":"https:\/\/api.w.org\/{rel}","templated":true}]}}