{"id":90316,"date":"2022-11-28T19:29:56","date_gmt":"2022-11-28T22:29:56","guid":{"rendered":"https:\/\/blogdoedvaldomagalhaes.com.br\/?p=90316"},"modified":"2022-11-28T19:29:57","modified_gmt":"2022-11-28T22:29:57","slug":"festa-de-nossa-senhora-da-conceicao-em-riacho-das-almas-comeca-nesta-terca-29","status":"publish","type":"post","link":"https:\/\/blogdoedvaldomagalhaes.com.br\/index.php\/2022\/11\/28\/festa-de-nossa-senhora-da-conceicao-em-riacho-das-almas-comeca-nesta-terca-29\/","title":{"rendered":"Festa de Nossa Senhora da Concei\u00e7\u00e3o em Riacho das Almas come\u00e7a nesta ter\u00e7a (29)"},"content":{"rendered":"<p style=\"text-align: justify;\"><span style=\"font-size: revert; color: initial;\">O noven\u00e1rio da 81\u00aa Festa de Nossa Senhora da Concei\u00e7\u00e3o, em Riacho das Almas\/PE, tem in\u00edcio nesta ter\u00e7a-feira, dia 29 de novembro. O tema da festividade que segue at\u00e9 o dia 8 de dezembro \u00e9 &#8220;Com a M\u00e3e da Concei\u00e7\u00e3o, seguir firme na miss\u00e3o&#8221;.<\/span><\/p>\n<p style=\"text-align: justify;\">A programa\u00e7\u00e3o conta com procis\u00f5es, celebra\u00e7\u00f5es eucar\u00edsticas, participa\u00e7\u00e3o de convidados e noiteiros e atra\u00e7\u00f5es culturais com artistas locais.<\/p>\n<p style=\"text-align: justify;\">Confira a programa\u00e7\u00e3o de abertura:<\/p>\n<p style=\"text-align: justify;\">18h30 &#8211; Prociss\u00e3o da Bandeira, saindo da Igreja M\u00e3e Rainha;<br \/>\n19h &#8211; Hastreamento das Bandeiras no pavilh\u00e3o da Matriz;<br \/>\n19h30 &#8211; Celebra\u00e7\u00e3o Eucar\u00edstica, presidida pelo reverend\u00edssimo padre Alexsandro Jorge da Silva (da Par\u00f3quia de S\u00e3o Jos\u00e9, da cidade de Caruaru);<br \/>\nCanto lit\u00fargico: Coral S\u00e3o Jos\u00e9, de Caruaru;<br \/>\nConvidados: Pastoral da liturgia, minist\u00e9rios de m\u00fasica, Comunidade Santo Ant\u00f4nio (do Si\u00edtio Bandeira) e Comunidade Nossa Senhora do Perp\u00e9tuo Socorro (S\u00edtio Pororoca);<br \/>\n21h &#8211; quermesse e apresenta\u00e7\u00e3o cultural com grupo de pastoril.<\/p>\n<p style=\"text-align: justify;\">No dia 7 de dezembro ser\u00e1 realizado um bingo, tendo como premia\u00e7\u00e3o a quantia de 500 reais. As cartelas j\u00e1 est\u00e3o \u00e0 venda na Secretaria da par\u00f3quia ao valor de R$ 5.<\/p>\n<p style=\"text-align: justify;\">Siga o Instagram do Blog @blogdoedvaldomagalhaes<\/p>\n","protected":false},"excerpt":{"rendered":"<p>O noven\u00e1rio da 81\u00aa Festa de Nossa Senhora da Concei\u00e7\u00e3o, em Riacho das Almas\/PE, tem in\u00edcio nesta ter\u00e7a-feira, dia 29&hellip;<\/p>\n","protected":false},"author":1,"featured_media":90317,"comment_status":"closed","ping_status":"open","sticky":false,"template":"","format":"standard","meta":{"footnotes":""},"categories":[14120],"tags":[2,19532,3406,26184],"class_list":["post-90316","post","type-post","status-publish","format-standard","has-post-thumbnail","hentry","category-noticias","tag-blog-do-edvaldo-magalhaes","tag-blog-mais-acessado-e-visualizado-de-caruaru-e-regiao","tag-caruaru","tag-festa-de-nossa-senhora-da-conceicao-em-riacho-das-almas-comeca-nesta-terca-29"],"_links":{"self":[{"href":"https:\/\/blogdoedvaldomagalhaes.com.br\/index.php\/wp-json\/wp\/v2\/posts\/90316","targetHints":{"allow":["GET"]}}],"collection":[{"href":"https:\/\/blogdoedvaldomagalhaes.com.br\/index.php\/wp-json\/wp\/v2\/posts"}],"about":[{"href":"https:\/\/blogdoedvaldomagalhaes.com.br\/index.php\/wp-json\/wp\/v2\/types\/post"}],"author":[{"embeddable":true,"href":"https:\/\/blogdoedvaldomagalhaes.com.br\/index.php\/wp-json\/wp\/v2\/users\/1"}],"replies":[{"embeddable":true,"href":"https:\/\/blogdoedvaldomagalhaes.com.br\/index.php\/wp-json\/wp\/v2\/comments?post=90316"}],"version-history":[{"count":1,"href":"https:\/\/blogdoedvaldomagalhaes.com.br\/index.php\/wp-json\/wp\/v2\/posts\/90316\/revisions"}],"predecessor-version":[{"id":90318,"href":"https:\/\/blogdoedvaldomagalhaes.com.br\/index.php\/wp-json\/wp\/v2\/posts\/90316\/revisions\/90318"}],"wp:featuredmedia":[{"embeddable":true,"href":"https:\/\/blogdoedvaldomagalhaes.com.br\/index.php\/wp-json\/wp\/v2\/media\/90317"}],"wp:attachment":[{"href":"https:\/\/blogdoedvaldomagalhaes.com.br\/index.php\/wp-json\/wp\/v2\/media?parent=90316"}],"wp:term":[{"taxonomy":"category","embeddable":true,"href":"https:\/\/blogdoedvaldomagalhaes.com.br\/index.php\/wp-json\/wp\/v2\/categories?post=90316"},{"taxonomy":"post_tag","embeddable":true,"href":"https:\/\/blogdoedvaldomagalhaes.com.br\/index.php\/wp-json\/wp\/v2\/tags?post=90316"}],"curies":[{"name":"wp","href":"https:\/\/api.w.org\/{rel}","templated":true}]}}