{"id":90313,"date":"2022-11-28T18:52:05","date_gmt":"2022-11-28T21:52:05","guid":{"rendered":"https:\/\/blogdoedvaldomagalhaes.com.br\/?p=90313"},"modified":"2022-11-28T18:52:07","modified_gmt":"2022-11-28T21:52:07","slug":"procon-caruaru-esta-realizando-mutirao-de-negociacao-de-dividas-2022","status":"publish","type":"post","link":"https:\/\/blogdoedvaldomagalhaes.com.br\/index.php\/2022\/11\/28\/procon-caruaru-esta-realizando-mutirao-de-negociacao-de-dividas-2022\/","title":{"rendered":"Procon Caruaru est\u00e1 realizando Mutir\u00e3o de Negocia\u00e7\u00e3o de D\u00edvidas 2022"},"content":{"rendered":"<p style=\"text-align: justify;\"><span style=\"color: initial; font-size: revert;\">A Ger\u00eancia Municipal de Prote\u00e7\u00e3o e Defesa do Consumidor (Procon Caruaru) deu in\u00edcio, nesta segunda (28), ao Mutir\u00e3o de Negocia\u00e7\u00e3o de D\u00edvidas 2022. O primeiro dia de atendimentos aconteceu na sede do \u00f3rg\u00e3o, que fica na rua Floriano Peixoto, n\u00ba 147, das 08h \u00e0s 12h. Na ter\u00e7a (29), come\u00e7am os atendimentos no Caruaru Shopping, das 12h \u00e0s 20h. No centro de compras, o mutir\u00e3o segue at\u00e9 a quinta-feira (1\u00ba\/12), nesse mesmo hor\u00e1rio. J\u00e1 na sede do Procon Caruaru, a a\u00e7\u00e3o continua das 08h \u00e0s 16h, da ter\u00e7a (29) ao dia 1\u00ba de dezembro, e das 08h \u00e0s 14h, no dia 02 de dezembro.<\/span><\/p>\n<p style=\"text-align: justify;\">O mutir\u00e3o possibilita aos devedores que tem d\u00edvidas com a Compesa, Celpe, institui\u00e7\u00f5es financeiras ligadas \u00e0 FEBRABAN ou mesmo com a Secretaria da Fazenda de Caruaru (Sefaz), com IPTU, ISSQN ou TLF, de negociarem os d\u00e9bitos com condi\u00e7\u00f5es especiais.<\/p>\n<p style=\"text-align: justify;\">Para dona Maria da Concei\u00e7\u00e3o Gomes, do bairro Divin\u00f3polis, a negocia\u00e7\u00e3o com a Compesa foi um al\u00edvio. Ela, que estava endividada em mais de R$ 4 mil com a companhia, em contas atrasadas, contra\u00eddas por um inquilino que ocupa um im\u00f3vel alugado dela, conseguiu reduzir o valor da d\u00edvida em 50%. \u201cFoi excelente o atendimento, fiquei muito satisfeita. Para eu me ver livre desse aperreio, eu preferi pagar tudo de uma vez, numa parcela s\u00f3\u201d, declarou, dona Maria, emocionada.<\/p>\n<p style=\"text-align: justify;\">\u201cO consumidor que quiser participar poder\u00e1 comparecer, tanto na sede do Procon Caruaru, quanto no Caruaru Shopping, com a documenta\u00e7\u00e3o pessoal e uma vincula\u00e7\u00e3o junto \u00e0 empresa, de forma a comprovar o d\u00e9bito. Durante o mutir\u00e3o, a gente vai tentar viabilizar, junto com as institui\u00e7\u00f5es financeiras, uma forma de pagamento que traga a possibilidade do consumidor ficar adimplente, de acordo com seu or\u00e7amento, e trazer propostas bem mais atrativas para ele poder passar essa virada de ano de maneira mais tranquila, com os d\u00e9bitos resolvidos\u201d, destaca a gerente jur\u00eddica do Procon Caruaru, Cyntia Nunes.<\/p>\n<p style=\"text-align: justify;\">Os interessados poder\u00e3o participar do mutir\u00e3o de modo presencial e tamb\u00e9m pela plataforma Caruaru Digital, atrav\u00e9s do site www.caruaru.pe.gov.br.<\/p>\n<p style=\"text-align: justify;\">Confira o passo a passo para participar do mutir\u00e3o de modo on-line:<\/p>\n<p style=\"text-align: justify;\">1\u00ba Passo: https:\/\/caruaru.pe.gov.br;<br \/>\n2\u00ba Passo: \u201cCaruaru Digital\u201d;<br \/>\n3\u00ba Passo: Protocolos;<br \/>\n4\u00ba Passo: Cadastro;<br \/>\n5\u00ba Passo: Assunto: PROCON &#8211; Consumidor &#8211; Mutir\u00e3o de negocia\u00e7\u00e3o de d\u00edvidas 2022<br \/>\n6\u00ba Passo: Preencher na descri\u00e7\u00e3o os dados solicitados;<br \/>\n7\u00ba Passo: Explicar com detalhes o teor da demanda, adicionando o pedido ao final.<br \/>\n8\u00ba Passo: Anexar documento pessoal com foto, comprovante de resid\u00eancia em Caruaru e comprovantes das alega\u00e7\u00f5es (se possuir).<br \/>\n9\u00ba Passo: Enviar e aguardar resposta atrav\u00e9s da plataforma e do email (n\u00e3o esque\u00e7a de observar a caixa de spam).<br \/>\nTelefones para contato em caso de d\u00favida (8h \u00e0s 16h):<br \/>\n&gt; (81) 3727-0289<br \/>\n&gt; (81) 9 8384-5909 &#8211; Apenas mensagem (Whatsapp).<\/p>\n<p>Foto: Divulga\u00e7\u00e3o<\/p>\n<p>Siga o Instagram do Blog @blogdoedvaldomagalhaes<\/p>\n","protected":false},"excerpt":{"rendered":"<p>A Ger\u00eancia Municipal de Prote\u00e7\u00e3o e Defesa do Consumidor (Procon Caruaru) deu in\u00edcio, nesta segunda (28), ao Mutir\u00e3o de Negocia\u00e7\u00e3o&hellip;<\/p>\n","protected":false},"author":1,"featured_media":90314,"comment_status":"closed","ping_status":"open","sticky":false,"template":"","format":"standard","meta":{"footnotes":""},"categories":[14120],"tags":[2,19532,3406,26183],"class_list":["post-90313","post","type-post","status-publish","format-standard","has-post-thumbnail","hentry","category-noticias","tag-blog-do-edvaldo-magalhaes","tag-blog-mais-acessado-e-visualizado-de-caruaru-e-regiao","tag-caruaru","tag-procon-caruaru-esta-realizando-mutirao-de-negociacao-de-dividas-2022"],"_links":{"self":[{"href":"https:\/\/blogdoedvaldomagalhaes.com.br\/index.php\/wp-json\/wp\/v2\/posts\/90313","targetHints":{"allow":["GET"]}}],"collection":[{"href":"https:\/\/blogdoedvaldomagalhaes.com.br\/index.php\/wp-json\/wp\/v2\/posts"}],"about":[{"href":"https:\/\/blogdoedvaldomagalhaes.com.br\/index.php\/wp-json\/wp\/v2\/types\/post"}],"author":[{"embeddable":true,"href":"https:\/\/blogdoedvaldomagalhaes.com.br\/index.php\/wp-json\/wp\/v2\/users\/1"}],"replies":[{"embeddable":true,"href":"https:\/\/blogdoedvaldomagalhaes.com.br\/index.php\/wp-json\/wp\/v2\/comments?post=90313"}],"version-history":[{"count":1,"href":"https:\/\/blogdoedvaldomagalhaes.com.br\/index.php\/wp-json\/wp\/v2\/posts\/90313\/revisions"}],"predecessor-version":[{"id":90315,"href":"https:\/\/blogdoedvaldomagalhaes.com.br\/index.php\/wp-json\/wp\/v2\/posts\/90313\/revisions\/90315"}],"wp:featuredmedia":[{"embeddable":true,"href":"https:\/\/blogdoedvaldomagalhaes.com.br\/index.php\/wp-json\/wp\/v2\/media\/90314"}],"wp:attachment":[{"href":"https:\/\/blogdoedvaldomagalhaes.com.br\/index.php\/wp-json\/wp\/v2\/media?parent=90313"}],"wp:term":[{"taxonomy":"category","embeddable":true,"href":"https:\/\/blogdoedvaldomagalhaes.com.br\/index.php\/wp-json\/wp\/v2\/categories?post=90313"},{"taxonomy":"post_tag","embeddable":true,"href":"https:\/\/blogdoedvaldomagalhaes.com.br\/index.php\/wp-json\/wp\/v2\/tags?post=90313"}],"curies":[{"name":"wp","href":"https:\/\/api.w.org\/{rel}","templated":true}]}}