{"id":90310,"date":"2022-11-28T15:42:00","date_gmt":"2022-11-28T18:42:00","guid":{"rendered":"https:\/\/blogdoedvaldomagalhaes.com.br\/?p=90310"},"modified":"2022-11-28T15:42:01","modified_gmt":"2022-11-28T18:42:01","slug":"dupla-e-detida-pela-pm-com-18-pes-de-maconha","status":"publish","type":"post","link":"https:\/\/blogdoedvaldomagalhaes.com.br\/index.php\/2022\/11\/28\/dupla-e-detida-pela-pm-com-18-pes-de-maconha\/","title":{"rendered":"Dupla \u00e9 detida pela PM com 18 p\u00e9s de maconha"},"content":{"rendered":"<p style=\"text-align: justify;\"><span style=\"color: initial; font-size: revert;\">Dois homens foram detidos, na noite de domingo (27\/11), em Pesqueira, por policiais militares da 8\u00aa CIPM. O efetivo realizava a Opera\u00e7\u00e3o Satura\u00e7\u00e3o, quando abordou o piloto de uma motocicleta Honda CB 300, encontrando com ele dois big bigs de maconha.<\/span><\/p>\n<p style=\"text-align: justify;\">Ele informou que o documento da moto estava com um primo e foi feito o deslocamento at\u00e9 o local indicado. Ao notar a chegada dos policiais, o segundo suspeito tentou fugir correndo e pulando muros das casas da vizinhan\u00e7a, mas foi alcan\u00e7ado.<\/p>\n<p style=\"text-align: justify;\">Ao retornar \u00e0 resid\u00eancia na qual ele estava, a equipe visualizou 18 p\u00e9s de maconha no quintal. O material foi apreendido e, juntamente com os envolvidos, apresentado na Delegacia de Plant\u00e3o, para a tomada das provid\u00eancias legais cab\u00edveis. Foto: Divulga\u00e7\u00e3o\/PMPE.<\/p>\n<p style=\"text-align: justify;\">Siga o Instagram do Blog @blogdoedvaldomagalhaes<\/p>\n","protected":false},"excerpt":{"rendered":"<p>Dois homens foram detidos, na noite de domingo (27\/11), em Pesqueira, por policiais militares da 8\u00aa CIPM. O efetivo realizava&hellip;<\/p>\n","protected":false},"author":1,"featured_media":90311,"comment_status":"closed","ping_status":"open","sticky":false,"template":"","format":"standard","meta":{"footnotes":""},"categories":[14121],"tags":[2,19532,3406,26181],"class_list":["post-90310","post","type-post","status-publish","format-standard","has-post-thumbnail","hentry","category-policial","tag-blog-do-edvaldo-magalhaes","tag-blog-mais-acessado-e-visualizado-de-caruaru-e-regiao","tag-caruaru","tag-dupla-e-detida-pela-pm-com-18-pes-de-maconha"],"_links":{"self":[{"href":"https:\/\/blogdoedvaldomagalhaes.com.br\/index.php\/wp-json\/wp\/v2\/posts\/90310","targetHints":{"allow":["GET"]}}],"collection":[{"href":"https:\/\/blogdoedvaldomagalhaes.com.br\/index.php\/wp-json\/wp\/v2\/posts"}],"about":[{"href":"https:\/\/blogdoedvaldomagalhaes.com.br\/index.php\/wp-json\/wp\/v2\/types\/post"}],"author":[{"embeddable":true,"href":"https:\/\/blogdoedvaldomagalhaes.com.br\/index.php\/wp-json\/wp\/v2\/users\/1"}],"replies":[{"embeddable":true,"href":"https:\/\/blogdoedvaldomagalhaes.com.br\/index.php\/wp-json\/wp\/v2\/comments?post=90310"}],"version-history":[{"count":1,"href":"https:\/\/blogdoedvaldomagalhaes.com.br\/index.php\/wp-json\/wp\/v2\/posts\/90310\/revisions"}],"predecessor-version":[{"id":90312,"href":"https:\/\/blogdoedvaldomagalhaes.com.br\/index.php\/wp-json\/wp\/v2\/posts\/90310\/revisions\/90312"}],"wp:featuredmedia":[{"embeddable":true,"href":"https:\/\/blogdoedvaldomagalhaes.com.br\/index.php\/wp-json\/wp\/v2\/media\/90311"}],"wp:attachment":[{"href":"https:\/\/blogdoedvaldomagalhaes.com.br\/index.php\/wp-json\/wp\/v2\/media?parent=90310"}],"wp:term":[{"taxonomy":"category","embeddable":true,"href":"https:\/\/blogdoedvaldomagalhaes.com.br\/index.php\/wp-json\/wp\/v2\/categories?post=90310"},{"taxonomy":"post_tag","embeddable":true,"href":"https:\/\/blogdoedvaldomagalhaes.com.br\/index.php\/wp-json\/wp\/v2\/tags?post=90310"}],"curies":[{"name":"wp","href":"https:\/\/api.w.org\/{rel}","templated":true}]}}