{"id":90295,"date":"2022-11-28T08:14:16","date_gmt":"2022-11-28T11:14:16","guid":{"rendered":"https:\/\/blogdoedvaldomagalhaes.com.br\/?p=90295"},"modified":"2022-11-28T08:29:24","modified_gmt":"2022-11-28T11:29:24","slug":"homem-morre-ao-colidir-moto-em-poste-e-churrasqueira-em-caruaru","status":"publish","type":"post","link":"https:\/\/blogdoedvaldomagalhaes.com.br\/index.php\/2022\/11\/28\/homem-morre-ao-colidir-moto-em-poste-e-churrasqueira-em-caruaru\/","title":{"rendered":"Homem morre ao colidir moto em poste e churrasqueira em Caruaru"},"content":{"rendered":"<p style=\"text-align: justify;\">Uma motocicleta colidiu em um poste e uma churrasqueira na avenida Le\u00e3o Dourado, nas proximidades do Distrito Industrial, em Caruaru, na noite desse domingo (27), e com o impacto o motociclista Valdecir Jos\u00e9 da Silva Junior, de 36 anos de idade, que morava no Alto do Moura, faleceu no local.<\/p>\n<p style=\"text-align: justify;\">Uma equipe do SAMU foi acionada, mas a v\u00edtima j\u00e1 estava em \u00f3bito. O corpo foi encaminhado para o Instituto de Medicina Legal (IML), em Caruaru.<\/p>\n\n\n<figure class=\"wp-block-image size-full is-resized\"><img loading=\"lazy\" decoding=\"async\" src=\"https:\/\/blogdoedvaldomagalhaes.com.br\/wp-content\/uploads\/2022\/11\/IMG-20221128-WA00172.jpg\" alt=\"\" class=\"wp-image-90299\" width=\"350\" height=\"689\" srcset=\"https:\/\/blogdoedvaldomagalhaes.com.br\/wp-content\/uploads\/2022\/11\/IMG-20221128-WA00172.jpg 296w, https:\/\/blogdoedvaldomagalhaes.com.br\/wp-content\/uploads\/2022\/11\/IMG-20221128-WA00172-153x300.jpg 153w\" sizes=\"auto, (max-width: 350px) 100vw, 350px\" \/><figcaption>Valdecir Jos\u00e9 da Silva J\u00fanior <\/figcaption><\/figure>\n","protected":false},"excerpt":{"rendered":"<p>Uma motocicleta colidiu em um poste e uma churrasqueira na avenida Le\u00e3o Dourado, nas proximidades do Distrito Industrial, em Caruaru,&hellip;<\/p>\n","protected":false},"author":1,"featured_media":90296,"comment_status":"closed","ping_status":"open","sticky":false,"template":"","format":"standard","meta":{"footnotes":""},"categories":[14120],"tags":[2,19532,3406,26178],"class_list":["post-90295","post","type-post","status-publish","format-standard","has-post-thumbnail","hentry","category-noticias","tag-blog-do-edvaldo-magalhaes","tag-blog-mais-acessado-e-visualizado-de-caruaru-e-regiao","tag-caruaru","tag-homem-morre-ao-colidir-moto-em-poste-e-churrasqueira-em-caruaru"],"_links":{"self":[{"href":"https:\/\/blogdoedvaldomagalhaes.com.br\/index.php\/wp-json\/wp\/v2\/posts\/90295","targetHints":{"allow":["GET"]}}],"collection":[{"href":"https:\/\/blogdoedvaldomagalhaes.com.br\/index.php\/wp-json\/wp\/v2\/posts"}],"about":[{"href":"https:\/\/blogdoedvaldomagalhaes.com.br\/index.php\/wp-json\/wp\/v2\/types\/post"}],"author":[{"embeddable":true,"href":"https:\/\/blogdoedvaldomagalhaes.com.br\/index.php\/wp-json\/wp\/v2\/users\/1"}],"replies":[{"embeddable":true,"href":"https:\/\/blogdoedvaldomagalhaes.com.br\/index.php\/wp-json\/wp\/v2\/comments?post=90295"}],"version-history":[{"count":3,"href":"https:\/\/blogdoedvaldomagalhaes.com.br\/index.php\/wp-json\/wp\/v2\/posts\/90295\/revisions"}],"predecessor-version":[{"id":90303,"href":"https:\/\/blogdoedvaldomagalhaes.com.br\/index.php\/wp-json\/wp\/v2\/posts\/90295\/revisions\/90303"}],"wp:featuredmedia":[{"embeddable":true,"href":"https:\/\/blogdoedvaldomagalhaes.com.br\/index.php\/wp-json\/wp\/v2\/media\/90296"}],"wp:attachment":[{"href":"https:\/\/blogdoedvaldomagalhaes.com.br\/index.php\/wp-json\/wp\/v2\/media?parent=90295"}],"wp:term":[{"taxonomy":"category","embeddable":true,"href":"https:\/\/blogdoedvaldomagalhaes.com.br\/index.php\/wp-json\/wp\/v2\/categories?post=90295"},{"taxonomy":"post_tag","embeddable":true,"href":"https:\/\/blogdoedvaldomagalhaes.com.br\/index.php\/wp-json\/wp\/v2\/tags?post=90295"}],"curies":[{"name":"wp","href":"https:\/\/api.w.org\/{rel}","templated":true}]}}