{"id":90285,"date":"2022-11-27T20:34:18","date_gmt":"2022-11-27T23:34:18","guid":{"rendered":"https:\/\/blogdoedvaldomagalhaes.com.br\/?p=90285"},"modified":"2022-11-27T20:47:37","modified_gmt":"2022-11-27T23:47:37","slug":"central-de-caruaru-e-campeao-pernambucano-da-serie-a2","status":"publish","type":"post","link":"https:\/\/blogdoedvaldomagalhaes.com.br\/index.php\/2022\/11\/27\/central-de-caruaru-e-campeao-pernambucano-da-serie-a2\/","title":{"rendered":"Central \u00e9 Campe\u00e3o Pernambucano da S\u00e9rie A2 e prefeito de Caruaru anuncia patroc\u00ednio"},"content":{"rendered":"<p style=\"text-align: justify;\">O Central venceu o Belo Jardim, por 1 a 0, gol do atacante Leandro Costa aos 27 minutos do 1\u00b0 tempo, no Est\u00e1dio Luiz Jos\u00e9 de Lacerda (Lacerd\u00e3o), sagrando-se campe\u00e3o da S\u00e9rie A2 do Campeonato Pernambucano 2022.<\/p>\n<p style=\"text-align: justify;\">A Patativa conquistou o t\u00edtulo de campe\u00e3o da segunda divis\u00e3o de Pernambuco duas vezes, em 1999 e 2022. O Blog do Edvaldo Magalh\u00e3es parabeniza a torcida centralina.<\/p>\n<p style=\"text-align: justify;\">Siga o Instagram do Blog @blogdoedvaldomagalhaes<\/p>\n\n\n<figure class=\"wp-block-image size-large\"><img loading=\"lazy\" decoding=\"async\" width=\"1024\" height=\"771\" src=\"https:\/\/blogdoedvaldomagalhaes.com.br\/wp-content\/uploads\/2022\/11\/IMG-20221127-WA0058-1024x771.jpg\" alt=\"\" class=\"wp-image-90291\" srcset=\"https:\/\/blogdoedvaldomagalhaes.com.br\/wp-content\/uploads\/2022\/11\/IMG-20221127-WA0058-1024x771.jpg 1024w, https:\/\/blogdoedvaldomagalhaes.com.br\/wp-content\/uploads\/2022\/11\/IMG-20221127-WA0058-300x226.jpg 300w, https:\/\/blogdoedvaldomagalhaes.com.br\/wp-content\/uploads\/2022\/11\/IMG-20221127-WA0058-768x578.jpg 768w, https:\/\/blogdoedvaldomagalhaes.com.br\/wp-content\/uploads\/2022\/11\/IMG-20221127-WA0058-160x120.jpg 160w, https:\/\/blogdoedvaldomagalhaes.com.br\/wp-content\/uploads\/2022\/11\/IMG-20221127-WA0058.jpg 1080w\" sizes=\"auto, (max-width: 1024px) 100vw, 1024px\" \/><figcaption>Foto: Thiago Azevedo <\/figcaption><\/figure>\n\n\n<p style=\"text-align: justify;\"><span style=\"font-size: revert; color: initial;\">O prefeito de Caruaru, Rodrigo Pinheiro, assistiu o jogo e anunciou um patroc\u00ednio para o time a partir de 2023. &#8220;N\u00f3s, por meio da prefeitura municipal, j\u00e1 apoiamos todos os jogos, n\u00e3o apenas do Central, mas de todos os times de Caruaru facilitando a log\u00edstica das equipes quando elas mandam o jogo na cidade. E no pr\u00f3ximo ano, vamos aumentar ainda mais esse apoio atrav\u00e9s da festa do S\u00e3o Jo\u00e3o, onde nossa cidade realiza o maior e melhor do mundo, que vai entrar como patroc\u00ednio para o Central&#8221;, destacou Rodrigo.<\/span><\/p>\n<p style=\"text-align: justify;\">O chefe do executivo municipal se emocionou ao entrar em campo para entregar a ta\u00e7a de campe\u00e3o ao time que seu pai, o saudoso Pinheir\u00e3o, foi presidente. &#8220;Quero parabenizar o Central que est\u00e1 voltando a primeira divis\u00e3o do Campeonato Pernambucano de Futebol, junto com o Porto e Caruaru City, fato importante para o esporte caruaruense. 2023 ser\u00e1 um ano de muitas vit\u00f3rias para os times de Caruaru&#8221;, finalizou Pinheiro.<\/p>","protected":false},"excerpt":{"rendered":"<p>O Central venceu o Belo Jardim, por 1 a 0, gol do atacante Leandro Costa aos 27 minutos do 1\u00b0&hellip;<\/p>\n","protected":false},"author":1,"featured_media":90286,"comment_status":"closed","ping_status":"open","sticky":false,"template":"","format":"standard","meta":{"footnotes":""},"categories":[14120],"tags":[2,19532,3406,26177,3,2955],"class_list":["post-90285","post","type-post","status-publish","format-standard","has-post-thumbnail","hentry","category-noticias","tag-blog-do-edvaldo-magalhaes","tag-blog-mais-acessado-e-visualizado-de-caruaru-e-regiao","tag-caruaru","tag-central-e-campeao-pernambucano-da-serie-a2-e-prefeito-de-caruaru-anuncia-patrocinio","tag-futebol","tag-lacerdao"],"_links":{"self":[{"href":"https:\/\/blogdoedvaldomagalhaes.com.br\/index.php\/wp-json\/wp\/v2\/posts\/90285","targetHints":{"allow":["GET"]}}],"collection":[{"href":"https:\/\/blogdoedvaldomagalhaes.com.br\/index.php\/wp-json\/wp\/v2\/posts"}],"about":[{"href":"https:\/\/blogdoedvaldomagalhaes.com.br\/index.php\/wp-json\/wp\/v2\/types\/post"}],"author":[{"embeddable":true,"href":"https:\/\/blogdoedvaldomagalhaes.com.br\/index.php\/wp-json\/wp\/v2\/users\/1"}],"replies":[{"embeddable":true,"href":"https:\/\/blogdoedvaldomagalhaes.com.br\/index.php\/wp-json\/wp\/v2\/comments?post=90285"}],"version-history":[{"count":4,"href":"https:\/\/blogdoedvaldomagalhaes.com.br\/index.php\/wp-json\/wp\/v2\/posts\/90285\/revisions"}],"predecessor-version":[{"id":90294,"href":"https:\/\/blogdoedvaldomagalhaes.com.br\/index.php\/wp-json\/wp\/v2\/posts\/90285\/revisions\/90294"}],"wp:featuredmedia":[{"embeddable":true,"href":"https:\/\/blogdoedvaldomagalhaes.com.br\/index.php\/wp-json\/wp\/v2\/media\/90286"}],"wp:attachment":[{"href":"https:\/\/blogdoedvaldomagalhaes.com.br\/index.php\/wp-json\/wp\/v2\/media?parent=90285"}],"wp:term":[{"taxonomy":"category","embeddable":true,"href":"https:\/\/blogdoedvaldomagalhaes.com.br\/index.php\/wp-json\/wp\/v2\/categories?post=90285"},{"taxonomy":"post_tag","embeddable":true,"href":"https:\/\/blogdoedvaldomagalhaes.com.br\/index.php\/wp-json\/wp\/v2\/tags?post=90285"}],"curies":[{"name":"wp","href":"https:\/\/api.w.org\/{rel}","templated":true}]}}