{"id":90281,"date":"2022-11-27T18:27:36","date_gmt":"2022-11-27T21:27:36","guid":{"rendered":"https:\/\/blogdoedvaldomagalhaes.com.br\/?p=90281"},"modified":"2022-11-27T18:48:23","modified_gmt":"2022-11-27T21:48:23","slug":"colisao-frontal-entre-caminhonete-e-carro-na-br-232-deixa-motorista-ferido","status":"publish","type":"post","link":"https:\/\/blogdoedvaldomagalhaes.com.br\/index.php\/2022\/11\/27\/colisao-frontal-entre-caminhonete-e-carro-na-br-232-deixa-motorista-ferido\/","title":{"rendered":"Colis\u00e3o frontal entre caminhonete e carro na BR 232 deixa motorista ferido"},"content":{"rendered":"<p style=\"text-align: justify;\">O sinistro ocorreu por volta das 13h40 no Km 197,5 da BR 232 em Sanhar\u00f3.<\/p>\n<p style=\"text-align: justify;\">Foi uma colis\u00e3o frontal entre uma caminhonete e um carro. Pelos vest\u00edgios verificados no local, o motorista do carro entrou na contram\u00e3o da rodovia.<\/p>\n<p style=\"text-align: justify;\">O motorista do carro ficou ferido, a princ\u00edpio com uma fratura na perna, e foi encaminhado a um hospital de Sanhar\u00f3. Depois foi transferido para o Hospital Regional do Agreste.<\/p>\n<p style=\"text-align: justify;\">O motorista do caminh\u00e3o foi inicialmente ao hospital para passar por exame cl\u00ednico e foi liberado pela equipe m\u00e9dica.<\/p>\n<p style=\"text-align: justify;\">Siga o Instagram do Blog @blogdoedvaldomagalhaes<\/p>\n","protected":false},"excerpt":{"rendered":"<p>O sinistro ocorreu por volta das 13h40 no Km 197,5 da BR 232 em Sanhar\u00f3. Foi uma colis\u00e3o frontal entre&hellip;<\/p>\n","protected":false},"author":1,"featured_media":90282,"comment_status":"closed","ping_status":"open","sticky":false,"template":"","format":"standard","meta":{"footnotes":""},"categories":[14120],"tags":[2,19532,3406,26157],"class_list":["post-90281","post","type-post","status-publish","format-standard","has-post-thumbnail","hentry","category-noticias","tag-blog-do-edvaldo-magalhaes","tag-blog-mais-acessado-e-visualizado-de-caruaru-e-regiao","tag-caruaru","tag-colisao-frontal-entre-caminhonete-e-carro-na-br-232-deixa-motorista-ferido"],"_links":{"self":[{"href":"https:\/\/blogdoedvaldomagalhaes.com.br\/index.php\/wp-json\/wp\/v2\/posts\/90281","targetHints":{"allow":["GET"]}}],"collection":[{"href":"https:\/\/blogdoedvaldomagalhaes.com.br\/index.php\/wp-json\/wp\/v2\/posts"}],"about":[{"href":"https:\/\/blogdoedvaldomagalhaes.com.br\/index.php\/wp-json\/wp\/v2\/types\/post"}],"author":[{"embeddable":true,"href":"https:\/\/blogdoedvaldomagalhaes.com.br\/index.php\/wp-json\/wp\/v2\/users\/1"}],"replies":[{"embeddable":true,"href":"https:\/\/blogdoedvaldomagalhaes.com.br\/index.php\/wp-json\/wp\/v2\/comments?post=90281"}],"version-history":[{"count":2,"href":"https:\/\/blogdoedvaldomagalhaes.com.br\/index.php\/wp-json\/wp\/v2\/posts\/90281\/revisions"}],"predecessor-version":[{"id":90284,"href":"https:\/\/blogdoedvaldomagalhaes.com.br\/index.php\/wp-json\/wp\/v2\/posts\/90281\/revisions\/90284"}],"wp:featuredmedia":[{"embeddable":true,"href":"https:\/\/blogdoedvaldomagalhaes.com.br\/index.php\/wp-json\/wp\/v2\/media\/90282"}],"wp:attachment":[{"href":"https:\/\/blogdoedvaldomagalhaes.com.br\/index.php\/wp-json\/wp\/v2\/media?parent=90281"}],"wp:term":[{"taxonomy":"category","embeddable":true,"href":"https:\/\/blogdoedvaldomagalhaes.com.br\/index.php\/wp-json\/wp\/v2\/categories?post=90281"},{"taxonomy":"post_tag","embeddable":true,"href":"https:\/\/blogdoedvaldomagalhaes.com.br\/index.php\/wp-json\/wp\/v2\/tags?post=90281"}],"curies":[{"name":"wp","href":"https:\/\/api.w.org\/{rel}","templated":true}]}}