{"id":90275,"date":"2022-11-27T17:46:41","date_gmt":"2022-11-27T20:46:41","guid":{"rendered":"https:\/\/blogdoedvaldomagalhaes.com.br\/?p=90275"},"modified":"2022-11-27T18:01:20","modified_gmt":"2022-11-27T21:01:20","slug":"mulher-morre-e-tres-pessoas-ficam-feridas-apos-taxi-capotar","status":"publish","type":"post","link":"https:\/\/blogdoedvaldomagalhaes.com.br\/index.php\/2022\/11\/27\/mulher-morre-e-tres-pessoas-ficam-feridas-apos-taxi-capotar\/","title":{"rendered":"Mulher morre e tr\u00eas pessoas ficam feridas ap\u00f3s t\u00e1xi capotar"},"content":{"rendered":"<p style=\"text-align: justify;\">O sinistro ocorreu por volta das 5h no Km 110 da BR 232, em Bezerros, sentido Caruaru. O<span style=\"font-size: revert; color: initial;\"> motorista de um t\u00e1xi Amaro Jos\u00e9, conhecido como &#8220;Duda&#8221;, perdeu o controle do ve\u00edculo e capotou fora da pista.<\/span><\/p>\n<p style=\"text-align: justify;\">Ele estava transportando quatro pessoas em dire\u00e7\u00e3o a Feira da Sulanca. A passageira Edivania Maria dos Santos, que morava no Distrito de Camela, em Ipojuca, faleceu no local. O motorista e tr\u00eas passageiros ficaram feridos e foram encaminhados para o Hospital Regional do Agreste em Caruaru.<\/p>\n<p style=\"text-align: justify;\">Al\u00e9m da PRF, o IC, PM e Pol\u00edcia Civil estiveram no local. A Pol\u00edcia Civil vai investigar o caso.<\/p>\n<p style=\"text-align: justify;\">Siga o Instagram do Blog @blogdoedvaldomagalhaes<\/p>\n\n\n<figure class=\"wp-block-image size-large\"><img loading=\"lazy\" decoding=\"async\" width=\"1024\" height=\"478\" src=\"https:\/\/blogdoedvaldomagalhaes.com.br\/wp-content\/uploads\/2022\/11\/IMG-20221127-WA0047-1024x478.jpg\" alt=\"\" class=\"wp-image-90273\" srcset=\"https:\/\/blogdoedvaldomagalhaes.com.br\/wp-content\/uploads\/2022\/11\/IMG-20221127-WA0047-1024x478.jpg 1024w, https:\/\/blogdoedvaldomagalhaes.com.br\/wp-content\/uploads\/2022\/11\/IMG-20221127-WA0047-300x140.jpg 300w, https:\/\/blogdoedvaldomagalhaes.com.br\/wp-content\/uploads\/2022\/11\/IMG-20221127-WA0047-768x358.jpg 768w, https:\/\/blogdoedvaldomagalhaes.com.br\/wp-content\/uploads\/2022\/11\/IMG-20221127-WA0047.jpg 1280w\" sizes=\"auto, (max-width: 1024px) 100vw, 1024px\" \/><figcaption>Blog do Edvaldo Magalh\u00e3es <\/figcaption><\/figure>\n","protected":false},"excerpt":{"rendered":"<p>O sinistro ocorreu por volta das 5h no Km 110 da BR 232, em Bezerros, sentido Caruaru. O motorista de&hellip;<\/p>\n","protected":false},"author":1,"featured_media":90276,"comment_status":"closed","ping_status":"open","sticky":false,"template":"","format":"standard","meta":{"footnotes":""},"categories":[14120],"tags":[1548,2,19532,3406,26156],"class_list":["post-90275","post","type-post","status-publish","format-standard","has-post-thumbnail","hentry","category-noticias","tag-bezerros","tag-blog-do-edvaldo-magalhaes","tag-blog-mais-acessado-e-visualizado-de-caruaru-e-regiao","tag-caruaru","tag-mulher-morre-e-tres-pessoas-ficam-feridas-apos-taxi-capotar"],"_links":{"self":[{"href":"https:\/\/blogdoedvaldomagalhaes.com.br\/index.php\/wp-json\/wp\/v2\/posts\/90275","targetHints":{"allow":["GET"]}}],"collection":[{"href":"https:\/\/blogdoedvaldomagalhaes.com.br\/index.php\/wp-json\/wp\/v2\/posts"}],"about":[{"href":"https:\/\/blogdoedvaldomagalhaes.com.br\/index.php\/wp-json\/wp\/v2\/types\/post"}],"author":[{"embeddable":true,"href":"https:\/\/blogdoedvaldomagalhaes.com.br\/index.php\/wp-json\/wp\/v2\/users\/1"}],"replies":[{"embeddable":true,"href":"https:\/\/blogdoedvaldomagalhaes.com.br\/index.php\/wp-json\/wp\/v2\/comments?post=90275"}],"version-history":[{"count":2,"href":"https:\/\/blogdoedvaldomagalhaes.com.br\/index.php\/wp-json\/wp\/v2\/posts\/90275\/revisions"}],"predecessor-version":[{"id":90280,"href":"https:\/\/blogdoedvaldomagalhaes.com.br\/index.php\/wp-json\/wp\/v2\/posts\/90275\/revisions\/90280"}],"wp:featuredmedia":[{"embeddable":true,"href":"https:\/\/blogdoedvaldomagalhaes.com.br\/index.php\/wp-json\/wp\/v2\/media\/90276"}],"wp:attachment":[{"href":"https:\/\/blogdoedvaldomagalhaes.com.br\/index.php\/wp-json\/wp\/v2\/media?parent=90275"}],"wp:term":[{"taxonomy":"category","embeddable":true,"href":"https:\/\/blogdoedvaldomagalhaes.com.br\/index.php\/wp-json\/wp\/v2\/categories?post=90275"},{"taxonomy":"post_tag","embeddable":true,"href":"https:\/\/blogdoedvaldomagalhaes.com.br\/index.php\/wp-json\/wp\/v2\/tags?post=90275"}],"curies":[{"name":"wp","href":"https:\/\/api.w.org\/{rel}","templated":true}]}}