{"id":90268,"date":"2022-11-27T15:56:54","date_gmt":"2022-11-27T18:56:54","guid":{"rendered":"https:\/\/blogdoedvaldomagalhaes.com.br\/?p=90268"},"modified":"2022-11-27T15:56:55","modified_gmt":"2022-11-27T18:56:55","slug":"prf-apreende-12-pes-de-maconha-dentro-de-furgao-clonado-na-br-232","status":"publish","type":"post","link":"https:\/\/blogdoedvaldomagalhaes.com.br\/index.php\/2022\/11\/27\/prf-apreende-12-pes-de-maconha-dentro-de-furgao-clonado-na-br-232\/","title":{"rendered":"PRF apreende 12 p\u00e9s de maconha dentro de furg\u00e3o clonado na BR 232"},"content":{"rendered":"<p style=\"text-align: justify;\"><span style=\"color: initial; font-size: revert;\">Um homem que transportava 12 p\u00e9s de maconha dentro de um furg\u00e3o clonado foi detido pela Pol\u00edcia Rodovi\u00e1ria Federal (PRF), no domingo (27), na BR 232, em Belo Jardim, no Agreste pernambucano. As plantas haviam sa\u00eddo de Gravat\u00e1 e seriam entregues no munic\u00edpio da abordagem.<\/span><\/p>\n<p style=\"text-align: justify;\">O flagrante foi realizado durante a abordagem a um Dobl\u00f4 no Km 180 da rodovia. Ao abrir o compartimento lateral do ve\u00edculo, foram encontrados os p\u00e9s de maconha e equipamentos para o cultivo das plantas. Ap\u00f3s verifica\u00e7\u00e3o no autom\u00f3vel, foram descobertos sinais de adultera\u00e7\u00f5es e constatado que se tratava de um clone.<\/p>\n<p style=\"text-align: justify;\">O motorista disse que realiza o cultivo dos p\u00e9s de maconha e havia sido contratado para realizar o transporte a uma pessoa que n\u00e3o conhecia. Ele foi encaminhado \u00e0 Delegacia de Pol\u00edcia Civil de Belo Jardim e poder\u00e1 responder por tr\u00e1fico de drogas, al\u00e9m de adultera\u00e7\u00e3o de sinal identificador de ve\u00edculo.<\/p>\n\n\n<figure class=\"wp-block-image size-large\"><img loading=\"lazy\" decoding=\"async\" width=\"1024\" height=\"478\" src=\"https:\/\/blogdoedvaldomagalhaes.com.br\/wp-content\/uploads\/2022\/11\/IMG-20221127-WA0032-1024x478.jpg\" alt=\"\" class=\"wp-image-90270\" srcset=\"https:\/\/blogdoedvaldomagalhaes.com.br\/wp-content\/uploads\/2022\/11\/IMG-20221127-WA0032-1024x478.jpg 1024w, https:\/\/blogdoedvaldomagalhaes.com.br\/wp-content\/uploads\/2022\/11\/IMG-20221127-WA0032-300x140.jpg 300w, https:\/\/blogdoedvaldomagalhaes.com.br\/wp-content\/uploads\/2022\/11\/IMG-20221127-WA0032-768x359.jpg 768w, https:\/\/blogdoedvaldomagalhaes.com.br\/wp-content\/uploads\/2022\/11\/IMG-20221127-WA0032-1536x717.jpg 1536w, https:\/\/blogdoedvaldomagalhaes.com.br\/wp-content\/uploads\/2022\/11\/IMG-20221127-WA0032.jpg 1600w\" sizes=\"auto, (max-width: 1024px) 100vw, 1024px\" \/><figcaption>Fotos: Divulga\u00e7\u00e3o\/PRF<\/figcaption><\/figure>\n","protected":false},"excerpt":{"rendered":"<p>Um homem que transportava 12 p\u00e9s de maconha dentro de um furg\u00e3o clonado foi detido pela Pol\u00edcia Rodovi\u00e1ria Federal (PRF),&hellip;<\/p>\n","protected":false},"author":1,"featured_media":90269,"comment_status":"closed","ping_status":"open","sticky":false,"template":"","format":"standard","meta":{"footnotes":""},"categories":[14121],"tags":[2,19532,3406,26155],"class_list":["post-90268","post","type-post","status-publish","format-standard","has-post-thumbnail","hentry","category-policial","tag-blog-do-edvaldo-magalhaes","tag-blog-mais-acessado-e-visualizado-de-caruaru-e-regiao","tag-caruaru","tag-prf-apreende-12-pes-de-maconha-dentro-de-furgao-clonado-na-br-232"],"_links":{"self":[{"href":"https:\/\/blogdoedvaldomagalhaes.com.br\/index.php\/wp-json\/wp\/v2\/posts\/90268","targetHints":{"allow":["GET"]}}],"collection":[{"href":"https:\/\/blogdoedvaldomagalhaes.com.br\/index.php\/wp-json\/wp\/v2\/posts"}],"about":[{"href":"https:\/\/blogdoedvaldomagalhaes.com.br\/index.php\/wp-json\/wp\/v2\/types\/post"}],"author":[{"embeddable":true,"href":"https:\/\/blogdoedvaldomagalhaes.com.br\/index.php\/wp-json\/wp\/v2\/users\/1"}],"replies":[{"embeddable":true,"href":"https:\/\/blogdoedvaldomagalhaes.com.br\/index.php\/wp-json\/wp\/v2\/comments?post=90268"}],"version-history":[{"count":1,"href":"https:\/\/blogdoedvaldomagalhaes.com.br\/index.php\/wp-json\/wp\/v2\/posts\/90268\/revisions"}],"predecessor-version":[{"id":90271,"href":"https:\/\/blogdoedvaldomagalhaes.com.br\/index.php\/wp-json\/wp\/v2\/posts\/90268\/revisions\/90271"}],"wp:featuredmedia":[{"embeddable":true,"href":"https:\/\/blogdoedvaldomagalhaes.com.br\/index.php\/wp-json\/wp\/v2\/media\/90269"}],"wp:attachment":[{"href":"https:\/\/blogdoedvaldomagalhaes.com.br\/index.php\/wp-json\/wp\/v2\/media?parent=90268"}],"wp:term":[{"taxonomy":"category","embeddable":true,"href":"https:\/\/blogdoedvaldomagalhaes.com.br\/index.php\/wp-json\/wp\/v2\/categories?post=90268"},{"taxonomy":"post_tag","embeddable":true,"href":"https:\/\/blogdoedvaldomagalhaes.com.br\/index.php\/wp-json\/wp\/v2\/tags?post=90268"}],"curies":[{"name":"wp","href":"https:\/\/api.w.org\/{rel}","templated":true}]}}