{"id":90264,"date":"2022-11-27T15:45:58","date_gmt":"2022-11-27T18:45:58","guid":{"rendered":"https:\/\/blogdoedvaldomagalhaes.com.br\/?p=90264"},"modified":"2022-11-27T15:46:00","modified_gmt":"2022-11-27T18:46:00","slug":"prf-apreende-adolescente-com-44-passaros-silvestres","status":"publish","type":"post","link":"https:\/\/blogdoedvaldomagalhaes.com.br\/index.php\/2022\/11\/27\/prf-apreende-adolescente-com-44-passaros-silvestres\/","title":{"rendered":"PRF apreende adolescente com 44 p\u00e1ssaros silvestres"},"content":{"rendered":"<p style=\"text-align: justify;\"><span style=\"color: initial; font-size: revert;\">Um adolescente de 16 anos que transportava 44 p\u00e1ssaros silvestres foi apreendido, neste domingo (27), pela Pol\u00edcia Rodovi\u00e1ria Federal (PRF), na BR 101, em Dois Irm\u00e3os, na Zona Norte do Recife. As aves de diversas esp\u00e9cies, como galo de campina e corrupi\u00e3o, eram transportadas em cinco gaiolas no porta-malas de um carro.<\/span><\/p>\n<p style=\"text-align: justify;\">Durante a abordagem no Km 64 da rodovia, os policiais pediram a Carteira de Habilita\u00e7\u00e3o ao motorista, mas ele informou que era menor de idade. Ao verificar o compartmento de bagagem do ve\u00edculo, foram encontradas os p\u00e1ssaros em situa\u00e7\u00e3o de maus-tratos devido ao calor. Tr\u00eas aves n\u00e3o resistiram e morreram durante o transporte.<\/p>\n<p style=\"text-align: justify;\">O condutor informou que as aves haviam sa\u00eddo do Jord\u00e3o, na Zona Sul do Recife, e iriam para Paulista, na Regi\u00e3o Metropolitana da capital. Ele foi encaminhado junto com o passageiro \u00e0 Delegacia de Pol\u00edcia da Crian\u00e7a e do Adolescente (DPCA), no bairro da Boa Vista, na \u00e1rea central da cidade.<\/p>\n<p style=\"text-align: justify;\">Siga o Instagram do Blog @blogdoedvaldomagalhaes<\/p>\n\n\n<figure class=\"wp-block-image size-large\"><img loading=\"lazy\" decoding=\"async\" width=\"1024\" height=\"765\" src=\"https:\/\/blogdoedvaldomagalhaes.com.br\/wp-content\/uploads\/2022\/11\/IMG-20221127-WA0028-1024x765.jpg\" alt=\"\" class=\"wp-image-90265\" srcset=\"https:\/\/blogdoedvaldomagalhaes.com.br\/wp-content\/uploads\/2022\/11\/IMG-20221127-WA0028-1024x765.jpg 1024w, https:\/\/blogdoedvaldomagalhaes.com.br\/wp-content\/uploads\/2022\/11\/IMG-20221127-WA0028-300x224.jpg 300w, https:\/\/blogdoedvaldomagalhaes.com.br\/wp-content\/uploads\/2022\/11\/IMG-20221127-WA0028-768x574.jpg 768w, https:\/\/blogdoedvaldomagalhaes.com.br\/wp-content\/uploads\/2022\/11\/IMG-20221127-WA0028-1536x1148.jpg 1536w, https:\/\/blogdoedvaldomagalhaes.com.br\/wp-content\/uploads\/2022\/11\/IMG-20221127-WA0028-160x120.jpg 160w, https:\/\/blogdoedvaldomagalhaes.com.br\/wp-content\/uploads\/2022\/11\/IMG-20221127-WA0028.jpg 1600w\" sizes=\"auto, (max-width: 1024px) 100vw, 1024px\" \/><figcaption>Fotos: Divulga\u00e7\u00e3o\/PRF <\/figcaption><\/figure>\n","protected":false},"excerpt":{"rendered":"<p>Um adolescente de 16 anos que transportava 44 p\u00e1ssaros silvestres foi apreendido, neste domingo (27), pela Pol\u00edcia Rodovi\u00e1ria Federal (PRF),&hellip;<\/p>\n","protected":false},"author":1,"featured_media":90266,"comment_status":"closed","ping_status":"open","sticky":false,"template":"","format":"standard","meta":{"footnotes":""},"categories":[14121],"tags":[2,19532,3406,26154],"class_list":["post-90264","post","type-post","status-publish","format-standard","has-post-thumbnail","hentry","category-policial","tag-blog-do-edvaldo-magalhaes","tag-blog-mais-acessado-e-visualizado-de-caruaru-e-regiao","tag-caruaru","tag-prf-apreende-adolescente-com-44-passaros-silvestres"],"_links":{"self":[{"href":"https:\/\/blogdoedvaldomagalhaes.com.br\/index.php\/wp-json\/wp\/v2\/posts\/90264","targetHints":{"allow":["GET"]}}],"collection":[{"href":"https:\/\/blogdoedvaldomagalhaes.com.br\/index.php\/wp-json\/wp\/v2\/posts"}],"about":[{"href":"https:\/\/blogdoedvaldomagalhaes.com.br\/index.php\/wp-json\/wp\/v2\/types\/post"}],"author":[{"embeddable":true,"href":"https:\/\/blogdoedvaldomagalhaes.com.br\/index.php\/wp-json\/wp\/v2\/users\/1"}],"replies":[{"embeddable":true,"href":"https:\/\/blogdoedvaldomagalhaes.com.br\/index.php\/wp-json\/wp\/v2\/comments?post=90264"}],"version-history":[{"count":1,"href":"https:\/\/blogdoedvaldomagalhaes.com.br\/index.php\/wp-json\/wp\/v2\/posts\/90264\/revisions"}],"predecessor-version":[{"id":90267,"href":"https:\/\/blogdoedvaldomagalhaes.com.br\/index.php\/wp-json\/wp\/v2\/posts\/90264\/revisions\/90267"}],"wp:featuredmedia":[{"embeddable":true,"href":"https:\/\/blogdoedvaldomagalhaes.com.br\/index.php\/wp-json\/wp\/v2\/media\/90266"}],"wp:attachment":[{"href":"https:\/\/blogdoedvaldomagalhaes.com.br\/index.php\/wp-json\/wp\/v2\/media?parent=90264"}],"wp:term":[{"taxonomy":"category","embeddable":true,"href":"https:\/\/blogdoedvaldomagalhaes.com.br\/index.php\/wp-json\/wp\/v2\/categories?post=90264"},{"taxonomy":"post_tag","embeddable":true,"href":"https:\/\/blogdoedvaldomagalhaes.com.br\/index.php\/wp-json\/wp\/v2\/tags?post=90264"}],"curies":[{"name":"wp","href":"https:\/\/api.w.org\/{rel}","templated":true}]}}