{"id":90261,"date":"2022-11-27T12:47:03","date_gmt":"2022-11-27T15:47:03","guid":{"rendered":"https:\/\/blogdoedvaldomagalhaes.com.br\/?p=90261"},"modified":"2022-11-27T12:47:04","modified_gmt":"2022-11-27T15:47:04","slug":"prf-apreende-pistola-e-municoes-dentro-de-urso-de-pelucia","status":"publish","type":"post","link":"https:\/\/blogdoedvaldomagalhaes.com.br\/index.php\/2022\/11\/27\/prf-apreende-pistola-e-municoes-dentro-de-urso-de-pelucia\/","title":{"rendered":"PRF apreende pistola e muni\u00e7\u00f5es dentro de urso de pel\u00facia"},"content":{"rendered":"<p style=\"text-align: justify;\"><span style=\"color: initial; font-size: revert;\">Uma pistola 9mm com 19 muni\u00e7\u00f5es do mesmo calibre, que estavam escondidas dentro de um urso de pel\u00facia, foram apreendidas, na noite de s\u00e1bado (26), pela Pol\u00edcia Rodovi\u00e1ria Federal (PRF). A arma era transportada por dois homens que foram detidos no Km 25 da BR 116, em Salgueiro, no Sert\u00e3o de Pernambuco.<\/span><\/p>\n<p style=\"text-align: justify;\">Policiais realizavam uma fiscaliza\u00e7\u00e3o na rodovia, quando abordaram um carro com placas do Mercosul. A equipe perguntou ao motorista se ele transportava alguma subst\u00e2ncia il\u00edcita, mas ele respondeu que n\u00e3o.<\/p>\n<p style=\"text-align: justify;\">Durante a verifica\u00e7\u00e3o dos equipamentos obrigat\u00f3rios, os policiais avistaram um urso de pel\u00facia no banco de passageiros e perceberam um volume estranho no brinquedo. Quando o urso foi aberto, encontraram a pistola com um carregador municiado.<\/p>\n<p style=\"text-align: justify;\">Dentro da mochila transportada no ve\u00edculo tamb\u00e9m foram apreendidos uma por\u00e7\u00e3o de crack e 42 comprimidos de &#8220;rebite&#8221;. A subst\u00e2ncia \u00e9 utilizada de forma ilegal por alguns motoristas para inibir o sono em viagens de longa dist\u00e2ncia.<\/p>\n<p style=\"text-align: justify;\">O motorista disse que a arma havia sido adquirida em S\u00e3o Paulo, pois ele estava sendo amea\u00e7ado. O homem foi encaminhado junto com o passageiro \u00e0 Delegacia de Pol\u00edcia Civil de Salgueiro. A dupla poder\u00e1 responder por porte ilegal de arma de fogo e porte de droga. Foto: Divulga\u00e7\u00e3o\/PRF<\/p>\n<p style=\"text-align: justify;\">Siga o Instagram do Blog @blogdoedvaldomagalhaes<\/p>\n","protected":false},"excerpt":{"rendered":"<p>Uma pistola 9mm com 19 muni\u00e7\u00f5es do mesmo calibre, que estavam escondidas dentro de um urso de pel\u00facia, foram apreendidas,&hellip;<\/p>\n","protected":false},"author":1,"featured_media":90262,"comment_status":"closed","ping_status":"open","sticky":false,"template":"","format":"standard","meta":{"footnotes":""},"categories":[14121],"tags":[2,19532,3406,26153],"class_list":["post-90261","post","type-post","status-publish","format-standard","has-post-thumbnail","hentry","category-policial","tag-blog-do-edvaldo-magalhaes","tag-blog-mais-acessado-e-visualizado-de-caruaru-e-regiao","tag-caruaru","tag-prf-apreende-pistola-e-municoes-dentro-de-urso-de-pelucia"],"_links":{"self":[{"href":"https:\/\/blogdoedvaldomagalhaes.com.br\/index.php\/wp-json\/wp\/v2\/posts\/90261","targetHints":{"allow":["GET"]}}],"collection":[{"href":"https:\/\/blogdoedvaldomagalhaes.com.br\/index.php\/wp-json\/wp\/v2\/posts"}],"about":[{"href":"https:\/\/blogdoedvaldomagalhaes.com.br\/index.php\/wp-json\/wp\/v2\/types\/post"}],"author":[{"embeddable":true,"href":"https:\/\/blogdoedvaldomagalhaes.com.br\/index.php\/wp-json\/wp\/v2\/users\/1"}],"replies":[{"embeddable":true,"href":"https:\/\/blogdoedvaldomagalhaes.com.br\/index.php\/wp-json\/wp\/v2\/comments?post=90261"}],"version-history":[{"count":1,"href":"https:\/\/blogdoedvaldomagalhaes.com.br\/index.php\/wp-json\/wp\/v2\/posts\/90261\/revisions"}],"predecessor-version":[{"id":90263,"href":"https:\/\/blogdoedvaldomagalhaes.com.br\/index.php\/wp-json\/wp\/v2\/posts\/90261\/revisions\/90263"}],"wp:featuredmedia":[{"embeddable":true,"href":"https:\/\/blogdoedvaldomagalhaes.com.br\/index.php\/wp-json\/wp\/v2\/media\/90262"}],"wp:attachment":[{"href":"https:\/\/blogdoedvaldomagalhaes.com.br\/index.php\/wp-json\/wp\/v2\/media?parent=90261"}],"wp:term":[{"taxonomy":"category","embeddable":true,"href":"https:\/\/blogdoedvaldomagalhaes.com.br\/index.php\/wp-json\/wp\/v2\/categories?post=90261"},{"taxonomy":"post_tag","embeddable":true,"href":"https:\/\/blogdoedvaldomagalhaes.com.br\/index.php\/wp-json\/wp\/v2\/tags?post=90261"}],"curies":[{"name":"wp","href":"https:\/\/api.w.org\/{rel}","templated":true}]}}