{"id":9026,"date":"2016-07-12T16:03:00","date_gmt":"2016-07-12T19:03:00","guid":{"rendered":"http:\/\/blogdoedvaldomagalhaes.com.br\/index.php\/2016\/07\/12\/saiba-qual-e-programacao-do-ato-do-p\/"},"modified":"2019-02-09T00:47:57","modified_gmt":"2019-02-09T02:47:57","slug":"saiba-qual-e-programacao-do-ato-do-p","status":"publish","type":"post","link":"https:\/\/blogdoedvaldomagalhaes.com.br\/index.php\/2016\/07\/12\/saiba-qual-e-programacao-do-ato-do-p\/","title":{"rendered":"Saiba qual \u00e9 programa\u00e7\u00e3o do Ato do PT em Caruaru"},"content":{"rendered":"<div class=\"separator\" style=\"clear: both; text-align: center;\">\n<a href=\"https:\/\/4.bp.blogspot.com\/-ErRSVTVG2Ac\/V4UTb4ZaX6I\/AAAAAAAACE0\/b8iPWjVW9B0kkg7vMUbF6NztcluCH--owCLcB\/s1600\/lula.jpg\" imageanchor=\"1\" style=\"margin-left: 1em; margin-right: 1em;\"><img loading=\"lazy\" decoding=\"async\" border=\"0\" height=\"228\" src=\"http:\/\/blogdoedvaldomagalhaes.com.br\/wp-content\/uploads\/2016\/07\/lula-1.jpg\" width=\"400\" \/><\/a><\/div>\n<div>\n<\/div>\n<div style=\"text-align: justify;\">\nO ex-presidente da Rep\u00fablica, Luiz In\u00e1cio Lula da Silva, estar\u00e1 em Caruaru, nesta quarta-feira (13), participando da Caravana Popular em Defesa da Democracia. Ele tem chegada prevista para \u00e0s 9h no Aeroporto Oscar Laranjeira, onde vai conceder entrevista coletiva, depois seguir\u00e1 para o antigo largo da Esta\u00e7\u00e3o Ferrovi\u00e1ria onde participar\u00e1 de ato p\u00fablico do PT.<\/div>\n<div style=\"text-align: justify;\">\n<\/div>\n<div style=\"text-align: justify;\">\nOs militantes v\u00e3o se concentrar a partir das 7h30h da manh\u00e3 enfrente a Pra\u00e7a da Crian\u00e7a, de l\u00e1, seguem caminhando at\u00e9 o local do ato. Lula n\u00e3o ir\u00e1 caminhar com os manifestantes.<\/div>\n<div style=\"text-align: justify;\">\n<\/div>\n<div style=\"text-align: justify;\">\nAp\u00f3s o evento, Lula ir\u00e1 ao Assentamento Normandia Gilberto Freire, onde almo\u00e7ar\u00e1 com lideran\u00e7as do Partido dos Trabalhadores (PT) e integrantes do Movimento dos Trabalhadores Sem Terra (MST). E por volta das 15h, Lula embarcar\u00e1 para a capital pernambucana, onde \u00e1 noite participar\u00e1 de ato p\u00fablico no Recife Antigo.<\/div>\n","protected":false},"excerpt":{"rendered":"<p>O ex-presidente da Rep\u00fablica, Luiz In\u00e1cio Lula da Silva, estar\u00e1 em Caruaru, nesta quarta-feira (13), participando da Caravana Popular em&hellip;<\/p>\n","protected":false},"author":1,"featured_media":0,"comment_status":"open","ping_status":"open","sticky":false,"template":"","format":"standard","meta":{"footnotes":""},"categories":[1],"tags":[2,13610,12075,5503,1950,20,8345,13611,3217],"class_list":["post-9026","post","type-post","status-publish","format-standard","hentry","category-sem-categoria","tag-blog-do-edvaldo-magalhaes","tag-caravana-popular-em-defesa-da-cidadania","tag-lula","tag-mst","tag-noticias-de-caruaru","tag-politica","tag-praca-da-crianca","tag-programacao-de-ato-do-pt-em-caruaru","tag-pt"],"_links":{"self":[{"href":"https:\/\/blogdoedvaldomagalhaes.com.br\/index.php\/wp-json\/wp\/v2\/posts\/9026","targetHints":{"allow":["GET"]}}],"collection":[{"href":"https:\/\/blogdoedvaldomagalhaes.com.br\/index.php\/wp-json\/wp\/v2\/posts"}],"about":[{"href":"https:\/\/blogdoedvaldomagalhaes.com.br\/index.php\/wp-json\/wp\/v2\/types\/post"}],"author":[{"embeddable":true,"href":"https:\/\/blogdoedvaldomagalhaes.com.br\/index.php\/wp-json\/wp\/v2\/users\/1"}],"replies":[{"embeddable":true,"href":"https:\/\/blogdoedvaldomagalhaes.com.br\/index.php\/wp-json\/wp\/v2\/comments?post=9026"}],"version-history":[{"count":1,"href":"https:\/\/blogdoedvaldomagalhaes.com.br\/index.php\/wp-json\/wp\/v2\/posts\/9026\/revisions"}],"predecessor-version":[{"id":10191,"href":"https:\/\/blogdoedvaldomagalhaes.com.br\/index.php\/wp-json\/wp\/v2\/posts\/9026\/revisions\/10191"}],"wp:attachment":[{"href":"https:\/\/blogdoedvaldomagalhaes.com.br\/index.php\/wp-json\/wp\/v2\/media?parent=9026"}],"wp:term":[{"taxonomy":"category","embeddable":true,"href":"https:\/\/blogdoedvaldomagalhaes.com.br\/index.php\/wp-json\/wp\/v2\/categories?post=9026"},{"taxonomy":"post_tag","embeddable":true,"href":"https:\/\/blogdoedvaldomagalhaes.com.br\/index.php\/wp-json\/wp\/v2\/tags?post=9026"}],"curies":[{"name":"wp","href":"https:\/\/api.w.org\/{rel}","templated":true}]}}