{"id":9025,"date":"2016-07-12T21:14:00","date_gmt":"2016-07-13T00:14:00","guid":{"rendered":"http:\/\/blogdoedvaldomagalhaes.com.br\/index.php\/2016\/07\/12\/suspeitos-de-trafico-de-drogas-e\/"},"modified":"2019-02-09T00:47:58","modified_gmt":"2019-02-09T02:47:58","slug":"suspeitos-de-trafico-de-drogas-e","status":"publish","type":"post","link":"https:\/\/blogdoedvaldomagalhaes.com.br\/index.php\/2016\/07\/12\/suspeitos-de-trafico-de-drogas-e\/","title":{"rendered":"Suspeitos de tr\u00e1fico de drogas e homic\u00eddios s\u00e3o presos no Agreste"},"content":{"rendered":"<div class=\"separator\" style=\"clear: both; text-align: center;\">\n<a href=\"https:\/\/3.bp.blogspot.com\/-uOORRtaJqVc\/V4VcnzGXVqI\/AAAAAAAACFM\/RGCtmY_NXOEjzf0zKaSu4oXBaqKBxk7cgCLcB\/s1600\/droga.jpg\" imageanchor=\"1\" style=\"margin-left: 1em; margin-right: 1em;\"><img loading=\"lazy\" decoding=\"async\" border=\"0\" height=\"300\" src=\"http:\/\/blogdoedvaldomagalhaes.com.br\/wp-content\/uploads\/2016\/07\/droga.jpg\" width=\"400\" \/><\/a><\/div>\n<p><\/p>\n<div style=\"text-align: justify;\">\nA Pol\u00edcia prendeu tr\u00eas homens, suspeitos de transportar 33.700 kg de maconha em S\u00e3o Caetano. As identidades dos suspeitos n\u00e3o foram reveladas. De acordo com a assessoria da Pol\u00edcia Civil, o trio foi preso em flagrante na zona rural daquele munic\u00edpio.&nbsp;<\/div>\n<div style=\"text-align: justify;\">\n<\/div>\n<div style=\"text-align: justify;\">\nA Pol\u00edcia Civil informou que a droga seria comercializada na regi\u00e3o. O trio \u00e9 suspeito de tr\u00e1fico de drogas e homic\u00eddios, segundo a pol\u00edcia. Eles foram encaminhados ao Centro de Observa\u00e7\u00e3o Criminol\u00f3gica e Triagem Professor Everardo Luna (Cotel).<\/div>\n<div style=\"text-align: justify;\">\n<\/div>\n","protected":false},"excerpt":{"rendered":"<p>A Pol\u00edcia prendeu tr\u00eas homens, suspeitos de transportar 33.700 kg de maconha em S\u00e3o Caetano. As identidades dos suspeitos n\u00e3o&hellip;<\/p>\n","protected":false},"author":1,"featured_media":0,"comment_status":"open","ping_status":"open","sticky":false,"template":"","format":"standard","meta":{"footnotes":""},"categories":[1],"tags":[2,13607,13608,13609,5703,3119,3461],"class_list":["post-9025","post","type-post","status-publish","format-standard","hentry","category-sem-categoria","tag-blog-do-edvaldo-magalhaes","tag-centro-de-observacao-criminologica-e-triagem","tag-cotel","tag-droga","tag-noticias-policias","tag-policia-civil","tag-sao-caetano"],"_links":{"self":[{"href":"https:\/\/blogdoedvaldomagalhaes.com.br\/index.php\/wp-json\/wp\/v2\/posts\/9025","targetHints":{"allow":["GET"]}}],"collection":[{"href":"https:\/\/blogdoedvaldomagalhaes.com.br\/index.php\/wp-json\/wp\/v2\/posts"}],"about":[{"href":"https:\/\/blogdoedvaldomagalhaes.com.br\/index.php\/wp-json\/wp\/v2\/types\/post"}],"author":[{"embeddable":true,"href":"https:\/\/blogdoedvaldomagalhaes.com.br\/index.php\/wp-json\/wp\/v2\/users\/1"}],"replies":[{"embeddable":true,"href":"https:\/\/blogdoedvaldomagalhaes.com.br\/index.php\/wp-json\/wp\/v2\/comments?post=9025"}],"version-history":[{"count":1,"href":"https:\/\/blogdoedvaldomagalhaes.com.br\/index.php\/wp-json\/wp\/v2\/posts\/9025\/revisions"}],"predecessor-version":[{"id":10193,"href":"https:\/\/blogdoedvaldomagalhaes.com.br\/index.php\/wp-json\/wp\/v2\/posts\/9025\/revisions\/10193"}],"wp:attachment":[{"href":"https:\/\/blogdoedvaldomagalhaes.com.br\/index.php\/wp-json\/wp\/v2\/media?parent=9025"}],"wp:term":[{"taxonomy":"category","embeddable":true,"href":"https:\/\/blogdoedvaldomagalhaes.com.br\/index.php\/wp-json\/wp\/v2\/categories?post=9025"},{"taxonomy":"post_tag","embeddable":true,"href":"https:\/\/blogdoedvaldomagalhaes.com.br\/index.php\/wp-json\/wp\/v2\/tags?post=9025"}],"curies":[{"name":"wp","href":"https:\/\/api.w.org\/{rel}","templated":true}]}}