{"id":90247,"date":"2022-11-26T16:58:08","date_gmt":"2022-11-26T19:58:08","guid":{"rendered":"https:\/\/blogdoedvaldomagalhaes.com.br\/?p=90247"},"modified":"2022-11-26T17:08:41","modified_gmt":"2022-11-26T20:08:41","slug":"padeiro-pai-de-6-filhos-e-assassinado-dentro-de-casa-em-caruaru","status":"publish","type":"post","link":"https:\/\/blogdoedvaldomagalhaes.com.br\/index.php\/2022\/11\/26\/padeiro-pai-de-6-filhos-e-assassinado-dentro-de-casa-em-caruaru\/","title":{"rendered":"Padeiro, pai de 6 filhos, \u00e9 assassinado dentro de casa, em Caruaru"},"content":{"rendered":"<p style=\"text-align: justify;\">O padeiro Jos\u00e9 Carlos Ramos, conhecido como Carlinhos, de 42 anos de idade, casado, pai de seis filhos, foi assassinado a tiros dentro da resid\u00eancia na primeira travessa da S\u00e9, n\u00famero 80, no bairro Centen\u00e1rio, em Caruaru, na tarde deste s\u00e1bado (26).<\/p>\n<p style=\"text-align: justify;\">De acordo com informa\u00e7\u00f5es da esposa da v\u00edtima de nome Sinara Kataline da Silva, 28 anos, o marido estava na porta da pr\u00f3pria resid\u00eancia quando o assassino chegou e chamou a v\u00edtima que correu para dentro da casa, por\u00e9m, perdeu a vida.\u00a0 O corpo foi encaminhado para o IML de Caruaru.<br \/>Siga o Instagram do Blog @blogdoedvaldomagalhaes<\/p>\n\n\n<figure class=\"wp-block-image size-full\"><img loading=\"lazy\" decoding=\"async\" width=\"720\" height=\"723\" src=\"https:\/\/blogdoedvaldomagalhaes.com.br\/wp-content\/uploads\/2022\/11\/IMG-20221126-WA0023.jpg\" alt=\"\" class=\"wp-image-90253\" srcset=\"https:\/\/blogdoedvaldomagalhaes.com.br\/wp-content\/uploads\/2022\/11\/IMG-20221126-WA0023.jpg 720w, https:\/\/blogdoedvaldomagalhaes.com.br\/wp-content\/uploads\/2022\/11\/IMG-20221126-WA0023-300x300.jpg 300w, https:\/\/blogdoedvaldomagalhaes.com.br\/wp-content\/uploads\/2022\/11\/IMG-20221126-WA0023-150x150.jpg 150w\" sizes=\"auto, (max-width: 720px) 100vw, 720px\" \/><figcaption>V\u00edtima: Jos\u00e9 Carlos Ramos<\/figcaption><\/figure>\n","protected":false},"excerpt":{"rendered":"<p>O padeiro Jos\u00e9 Carlos Ramos, conhecido como Carlinhos, de 42 anos de idade, casado, pai de seis filhos, foi assassinado&hellip;<\/p>\n","protected":false},"author":1,"featured_media":90248,"comment_status":"closed","ping_status":"open","sticky":false,"template":"","format":"standard","meta":{"footnotes":""},"categories":[14121],"tags":[2,19532,3406,5448,26150],"class_list":["post-90247","post","type-post","status-publish","format-standard","has-post-thumbnail","hentry","category-policial","tag-blog-do-edvaldo-magalhaes","tag-blog-mais-acessado-e-visualizado-de-caruaru-e-regiao","tag-caruaru","tag-homicidio","tag-padeiro-pai-de-6-filhos-e-assassinado-dentro-de-casa-em-caruaru"],"_links":{"self":[{"href":"https:\/\/blogdoedvaldomagalhaes.com.br\/index.php\/wp-json\/wp\/v2\/posts\/90247","targetHints":{"allow":["GET"]}}],"collection":[{"href":"https:\/\/blogdoedvaldomagalhaes.com.br\/index.php\/wp-json\/wp\/v2\/posts"}],"about":[{"href":"https:\/\/blogdoedvaldomagalhaes.com.br\/index.php\/wp-json\/wp\/v2\/types\/post"}],"author":[{"embeddable":true,"href":"https:\/\/blogdoedvaldomagalhaes.com.br\/index.php\/wp-json\/wp\/v2\/users\/1"}],"replies":[{"embeddable":true,"href":"https:\/\/blogdoedvaldomagalhaes.com.br\/index.php\/wp-json\/wp\/v2\/comments?post=90247"}],"version-history":[{"count":3,"href":"https:\/\/blogdoedvaldomagalhaes.com.br\/index.php\/wp-json\/wp\/v2\/posts\/90247\/revisions"}],"predecessor-version":[{"id":90254,"href":"https:\/\/blogdoedvaldomagalhaes.com.br\/index.php\/wp-json\/wp\/v2\/posts\/90247\/revisions\/90254"}],"wp:featuredmedia":[{"embeddable":true,"href":"https:\/\/blogdoedvaldomagalhaes.com.br\/index.php\/wp-json\/wp\/v2\/media\/90248"}],"wp:attachment":[{"href":"https:\/\/blogdoedvaldomagalhaes.com.br\/index.php\/wp-json\/wp\/v2\/media?parent=90247"}],"wp:term":[{"taxonomy":"category","embeddable":true,"href":"https:\/\/blogdoedvaldomagalhaes.com.br\/index.php\/wp-json\/wp\/v2\/categories?post=90247"},{"taxonomy":"post_tag","embeddable":true,"href":"https:\/\/blogdoedvaldomagalhaes.com.br\/index.php\/wp-json\/wp\/v2\/tags?post=90247"}],"curies":[{"name":"wp","href":"https:\/\/api.w.org\/{rel}","templated":true}]}}