{"id":90243,"date":"2022-11-26T15:56:37","date_gmt":"2022-11-26T18:56:37","guid":{"rendered":"https:\/\/blogdoedvaldomagalhaes.com.br\/?p=90243"},"modified":"2022-11-26T15:56:38","modified_gmt":"2022-11-26T18:56:38","slug":"professora-da-upe-caruaru-ganha-premio-nacional","status":"publish","type":"post","link":"https:\/\/blogdoedvaldomagalhaes.com.br\/index.php\/2022\/11\/26\/professora-da-upe-caruaru-ganha-premio-nacional\/","title":{"rendered":"Professora da UPE Caruaru ganha Pr\u00eamio Nacional"},"content":{"rendered":"<p style=\"text-align: justify;\"><span style=\"font-size: revert; color: initial;\">A 17\u00aa edi\u00e7\u00e3o do programa &#8220;Para Mulheres na Ci\u00eancia&#8221;, premia a cada ano, com a L\u2019Or\u00e9al Brasil, UNESCO e a Academia Brasileira de Ci\u00eancias, sete mulheres cientistas com o objetivo de promover e reconhecer a participa\u00e7\u00e3o feminina na ci\u00eancia, favorecendo o equil\u00edbrio dos g\u00eaneros no cen\u00e1rio brasileiro.<\/span><\/p>\n<p style=\"text-align: justify;\">As ganhadoras foram contempladas com uma bolsa-aux\u00edlio de R$ 50 mil cada, para dar prosseguimento aos seus estudos.<\/p>\n<p style=\"text-align: justify;\">O pr\u00eamio seleciona pesquisas de estudiosas das \u00e1reas de Ci\u00eancias da Vida, Ci\u00eancias F\u00edsicas, Ci\u00eancias Qu\u00edmicas e Matem\u00e1tica.<\/p>\n<p style=\"text-align: justify;\">Na primeira categoria, foram selecionadas quatro ganhadoras, entre elas a pesquisadora da Universidade de Pernambuco, Patr\u00edcia Takako Endo ( CARUARU).Seu projeto envolve o uso de t\u00e9cnicas de intelig\u00eancia artificial para analisar dados provenientes de investiga\u00e7\u00f5es detalhadas de milhares de casos de morte fetal. O principal objetivo \u00e9 criar modelos preditivos que possam auxiliar os m\u00e9dicos e outros profissionais de sa\u00fade no atendimento \u00e0s gestantes.<br \/><br \/>As ganhadoras receber\u00e3o o pr\u00eamio em cerim\u00f4nia que ser\u00e1 realizada na sede da L\u2019Or\u00e9al Brasil, no Rio de Janeiro, no dia 30 de novembro. A CERIMONIA ser\u00e1 transmitida ao vivo durante a Super, as 18h ( Semana Universit\u00e1ria UPE Caruaru) em tempo real para todos os convidados da Super. Foto: Divulga\u00e7\u00e3o.<\/p>\n\n\n<figure class=\"wp-block-image size-full\"><img loading=\"lazy\" decoding=\"async\" width=\"930\" height=\"934\" src=\"https:\/\/blogdoedvaldomagalhaes.com.br\/wp-content\/uploads\/2022\/11\/IMG-20221126-WA0031.jpg\" alt=\"\" class=\"wp-image-90245\" srcset=\"https:\/\/blogdoedvaldomagalhaes.com.br\/wp-content\/uploads\/2022\/11\/IMG-20221126-WA0031.jpg 930w, https:\/\/blogdoedvaldomagalhaes.com.br\/wp-content\/uploads\/2022\/11\/IMG-20221126-WA0031-300x300.jpg 300w, https:\/\/blogdoedvaldomagalhaes.com.br\/wp-content\/uploads\/2022\/11\/IMG-20221126-WA0031-150x150.jpg 150w, https:\/\/blogdoedvaldomagalhaes.com.br\/wp-content\/uploads\/2022\/11\/IMG-20221126-WA0031-768x771.jpg 768w\" sizes=\"auto, (max-width: 930px) 100vw, 930px\" \/><\/figure>\n","protected":false},"excerpt":{"rendered":"<p>A 17\u00aa edi\u00e7\u00e3o do programa &#8220;Para Mulheres na Ci\u00eancia&#8221;, premia a cada ano, com a L\u2019Or\u00e9al Brasil, UNESCO e a&hellip;<\/p>\n","protected":false},"author":1,"featured_media":90244,"comment_status":"closed","ping_status":"open","sticky":false,"template":"","format":"standard","meta":{"footnotes":""},"categories":[14120],"tags":[2,19532,3406,26149],"class_list":["post-90243","post","type-post","status-publish","format-standard","has-post-thumbnail","hentry","category-noticias","tag-blog-do-edvaldo-magalhaes","tag-blog-mais-acessado-e-visualizado-de-caruaru-e-regiao","tag-caruaru","tag-professora-da-upe-caruaru-ganha-premio-nacional"],"_links":{"self":[{"href":"https:\/\/blogdoedvaldomagalhaes.com.br\/index.php\/wp-json\/wp\/v2\/posts\/90243","targetHints":{"allow":["GET"]}}],"collection":[{"href":"https:\/\/blogdoedvaldomagalhaes.com.br\/index.php\/wp-json\/wp\/v2\/posts"}],"about":[{"href":"https:\/\/blogdoedvaldomagalhaes.com.br\/index.php\/wp-json\/wp\/v2\/types\/post"}],"author":[{"embeddable":true,"href":"https:\/\/blogdoedvaldomagalhaes.com.br\/index.php\/wp-json\/wp\/v2\/users\/1"}],"replies":[{"embeddable":true,"href":"https:\/\/blogdoedvaldomagalhaes.com.br\/index.php\/wp-json\/wp\/v2\/comments?post=90243"}],"version-history":[{"count":1,"href":"https:\/\/blogdoedvaldomagalhaes.com.br\/index.php\/wp-json\/wp\/v2\/posts\/90243\/revisions"}],"predecessor-version":[{"id":90246,"href":"https:\/\/blogdoedvaldomagalhaes.com.br\/index.php\/wp-json\/wp\/v2\/posts\/90243\/revisions\/90246"}],"wp:featuredmedia":[{"embeddable":true,"href":"https:\/\/blogdoedvaldomagalhaes.com.br\/index.php\/wp-json\/wp\/v2\/media\/90244"}],"wp:attachment":[{"href":"https:\/\/blogdoedvaldomagalhaes.com.br\/index.php\/wp-json\/wp\/v2\/media?parent=90243"}],"wp:term":[{"taxonomy":"category","embeddable":true,"href":"https:\/\/blogdoedvaldomagalhaes.com.br\/index.php\/wp-json\/wp\/v2\/categories?post=90243"},{"taxonomy":"post_tag","embeddable":true,"href":"https:\/\/blogdoedvaldomagalhaes.com.br\/index.php\/wp-json\/wp\/v2\/tags?post=90243"}],"curies":[{"name":"wp","href":"https:\/\/api.w.org\/{rel}","templated":true}]}}