{"id":90238,"date":"2022-11-26T15:34:57","date_gmt":"2022-11-26T18:34:57","guid":{"rendered":"https:\/\/blogdoedvaldomagalhaes.com.br\/?p=90238"},"modified":"2022-11-26T15:38:01","modified_gmt":"2022-11-26T18:38:01","slug":"samba-no-monte-encerra-o-calendario-festivo-do-mes-da-consciencia-negra-neste-domingo-27","status":"publish","type":"post","link":"https:\/\/blogdoedvaldomagalhaes.com.br\/index.php\/2022\/11\/26\/samba-no-monte-encerra-o-calendario-festivo-do-mes-da-consciencia-negra-neste-domingo-27\/","title":{"rendered":"Samba no Monte encerra o calend\u00e1rio festivo do m\u00eas da Consci\u00eancia Negra neste domingo (27)"},"content":{"rendered":"<p style=\"text-align: justify;\"><span style=\"color: initial; font-size: revert;\">Encerrando as festividades do m\u00eas da Consci\u00eancia Negra, a Prefeitura de Caruaru, por meio da Funda\u00e7\u00e3o de Cultura, realiza neste domingo, 27, o tradicional Samba no Monte, no Monte Bom Jesus.<\/span><\/p>\n<p style=\"text-align: justify;\">Com apresenta\u00e7\u00f5es de mais de dez artistas, o Samba vai reunir muita m\u00fasica acompanhada do famoso p\u00f4r do sol do Monte.<\/p>\n<p style=\"text-align: justify;\">As apresenta\u00e7\u00f5es ter\u00e3o in\u00edcio a partir das 17h. A Prefeitura tamb\u00e9m ir\u00e1 disponibilizar de forma gratuita uma van para popula\u00e7\u00e3o que desejar subir ao Monte. O transporte realizar\u00e1 o percurso a partir das 15h.<\/p>\n\n\n<figure class=\"wp-block-image size-large\"><img loading=\"lazy\" decoding=\"async\" width=\"1024\" height=\"1024\" src=\"https:\/\/blogdoedvaldomagalhaes.com.br\/wp-content\/uploads\/2022\/11\/IMG-20221126-WA0027-1024x1024.jpg\" alt=\"\" class=\"wp-image-90241\" srcset=\"https:\/\/blogdoedvaldomagalhaes.com.br\/wp-content\/uploads\/2022\/11\/IMG-20221126-WA0027-1024x1024.jpg 1024w, https:\/\/blogdoedvaldomagalhaes.com.br\/wp-content\/uploads\/2022\/11\/IMG-20221126-WA0027-300x300.jpg 300w, https:\/\/blogdoedvaldomagalhaes.com.br\/wp-content\/uploads\/2022\/11\/IMG-20221126-WA0027-150x150.jpg 150w, https:\/\/blogdoedvaldomagalhaes.com.br\/wp-content\/uploads\/2022\/11\/IMG-20221126-WA0027-768x768.jpg 768w, https:\/\/blogdoedvaldomagalhaes.com.br\/wp-content\/uploads\/2022\/11\/IMG-20221126-WA0027.jpg 1080w\" sizes=\"auto, (max-width: 1024px) 100vw, 1024px\" \/><\/figure>\n","protected":false},"excerpt":{"rendered":"<p>Encerrando as festividades do m\u00eas da Consci\u00eancia Negra, a Prefeitura de Caruaru, por meio da Funda\u00e7\u00e3o de Cultura, realiza neste&hellip;<\/p>\n","protected":false},"author":1,"featured_media":90240,"comment_status":"closed","ping_status":"open","sticky":false,"template":"","format":"standard","meta":{"footnotes":""},"categories":[14120],"tags":[2,19532,3406,26148],"class_list":["post-90238","post","type-post","status-publish","format-standard","has-post-thumbnail","hentry","category-noticias","tag-blog-do-edvaldo-magalhaes","tag-blog-mais-acessado-e-visualizado-de-caruaru-e-regiao","tag-caruaru","tag-samba-no-monte-encerra-o-calendario-festivo-do-mes-da-consciencia-negra-neste-domingo-27"],"_links":{"self":[{"href":"https:\/\/blogdoedvaldomagalhaes.com.br\/index.php\/wp-json\/wp\/v2\/posts\/90238","targetHints":{"allow":["GET"]}}],"collection":[{"href":"https:\/\/blogdoedvaldomagalhaes.com.br\/index.php\/wp-json\/wp\/v2\/posts"}],"about":[{"href":"https:\/\/blogdoedvaldomagalhaes.com.br\/index.php\/wp-json\/wp\/v2\/types\/post"}],"author":[{"embeddable":true,"href":"https:\/\/blogdoedvaldomagalhaes.com.br\/index.php\/wp-json\/wp\/v2\/users\/1"}],"replies":[{"embeddable":true,"href":"https:\/\/blogdoedvaldomagalhaes.com.br\/index.php\/wp-json\/wp\/v2\/comments?post=90238"}],"version-history":[{"count":2,"href":"https:\/\/blogdoedvaldomagalhaes.com.br\/index.php\/wp-json\/wp\/v2\/posts\/90238\/revisions"}],"predecessor-version":[{"id":90242,"href":"https:\/\/blogdoedvaldomagalhaes.com.br\/index.php\/wp-json\/wp\/v2\/posts\/90238\/revisions\/90242"}],"wp:featuredmedia":[{"embeddable":true,"href":"https:\/\/blogdoedvaldomagalhaes.com.br\/index.php\/wp-json\/wp\/v2\/media\/90240"}],"wp:attachment":[{"href":"https:\/\/blogdoedvaldomagalhaes.com.br\/index.php\/wp-json\/wp\/v2\/media?parent=90238"}],"wp:term":[{"taxonomy":"category","embeddable":true,"href":"https:\/\/blogdoedvaldomagalhaes.com.br\/index.php\/wp-json\/wp\/v2\/categories?post=90238"},{"taxonomy":"post_tag","embeddable":true,"href":"https:\/\/blogdoedvaldomagalhaes.com.br\/index.php\/wp-json\/wp\/v2\/tags?post=90238"}],"curies":[{"name":"wp","href":"https:\/\/api.w.org\/{rel}","templated":true}]}}