{"id":90235,"date":"2022-11-26T14:48:21","date_gmt":"2022-11-26T17:48:21","guid":{"rendered":"https:\/\/blogdoedvaldomagalhaes.com.br\/?p=90235"},"modified":"2022-11-26T14:48:22","modified_gmt":"2022-11-26T17:48:22","slug":"anderson-correia-realiza-feira-de-adocao-de-animais-com-alunos-de-escola-estadual-de-caruaru","status":"publish","type":"post","link":"https:\/\/blogdoedvaldomagalhaes.com.br\/index.php\/2022\/11\/26\/anderson-correia-realiza-feira-de-adocao-de-animais-com-alunos-de-escola-estadual-de-caruaru\/","title":{"rendered":"Anderson Correia realiza feira de ado\u00e7\u00e3o de animais com alunos de escola estadual de Caruaru"},"content":{"rendered":"<p style=\"text-align: justify;\"><span style=\"color: initial; font-size: revert;\">O vereador Anderson Correia realizou mais uma feira de ado\u00e7\u00e3o de animais (c\u00e3es e gatos), na manh\u00e3 deste s\u00e1bado (26), em parceria com alunos dos ensino m\u00e9dio da Escola de Refer\u00eancia Dom Miguel. O evento foi um sucesso, com diversas ado\u00e7\u00f5es de animais tirados das ruas, de protetores e de resgates.<\/span><\/p>\n<p style=\"text-align: justify;\">A feira foi mais uma iniciativa de incentivo aos jovens, na conscientiza\u00e7\u00e3o pela ado\u00e7\u00e3o respons\u00e1vel e na solidariedade com os animais, algo que foi enfatizado pelo parlamentar.<\/p>\n<p style=\"text-align: justify;\">\u201cFoi mais um momento importante para a pauta animalista do nosso munic\u00edpio, com o engajamento dos alunos, que demonstraram muita criatividade e amor pelos animais. Foram diversos pets adotados e isso \u00e9 algo para ser comemorado, com ado\u00e7\u00e3o respons\u00e1vel, dando dignidade para os animais que precisam de um lar, uma fam\u00edlia. Minha gratid\u00e3o a dire\u00e7\u00e3o da Escola Dom Miguel pela parceria, e a todos os estudantes, pelo bel\u00edssimo trabalho\u201d, destacou Anderson. Foto: Divulga\u00e7\u00e3o.<\/p>\n<p style=\"text-align: justify;\">Siga o Instagram do Blog @blogdoedvaldomagalhaes<\/p>\n","protected":false},"excerpt":{"rendered":"<p>O vereador Anderson Correia realizou mais uma feira de ado\u00e7\u00e3o de animais (c\u00e3es e gatos), na manh\u00e3 deste s\u00e1bado (26),&hellip;<\/p>\n","protected":false},"author":1,"featured_media":90236,"comment_status":"closed","ping_status":"open","sticky":false,"template":"","format":"standard","meta":{"footnotes":""},"categories":[14122],"tags":[26147,2,19532,3406,20],"class_list":["post-90235","post","type-post","status-publish","format-standard","has-post-thumbnail","hentry","category-politica","tag-anderson-correia-realiza-feira-de-adocao-de-animais-com-alunos-de-escola-estadual-de-caruaru","tag-blog-do-edvaldo-magalhaes","tag-blog-mais-acessado-e-visualizado-de-caruaru-e-regiao","tag-caruaru","tag-politica"],"_links":{"self":[{"href":"https:\/\/blogdoedvaldomagalhaes.com.br\/index.php\/wp-json\/wp\/v2\/posts\/90235","targetHints":{"allow":["GET"]}}],"collection":[{"href":"https:\/\/blogdoedvaldomagalhaes.com.br\/index.php\/wp-json\/wp\/v2\/posts"}],"about":[{"href":"https:\/\/blogdoedvaldomagalhaes.com.br\/index.php\/wp-json\/wp\/v2\/types\/post"}],"author":[{"embeddable":true,"href":"https:\/\/blogdoedvaldomagalhaes.com.br\/index.php\/wp-json\/wp\/v2\/users\/1"}],"replies":[{"embeddable":true,"href":"https:\/\/blogdoedvaldomagalhaes.com.br\/index.php\/wp-json\/wp\/v2\/comments?post=90235"}],"version-history":[{"count":1,"href":"https:\/\/blogdoedvaldomagalhaes.com.br\/index.php\/wp-json\/wp\/v2\/posts\/90235\/revisions"}],"predecessor-version":[{"id":90237,"href":"https:\/\/blogdoedvaldomagalhaes.com.br\/index.php\/wp-json\/wp\/v2\/posts\/90235\/revisions\/90237"}],"wp:featuredmedia":[{"embeddable":true,"href":"https:\/\/blogdoedvaldomagalhaes.com.br\/index.php\/wp-json\/wp\/v2\/media\/90236"}],"wp:attachment":[{"href":"https:\/\/blogdoedvaldomagalhaes.com.br\/index.php\/wp-json\/wp\/v2\/media?parent=90235"}],"wp:term":[{"taxonomy":"category","embeddable":true,"href":"https:\/\/blogdoedvaldomagalhaes.com.br\/index.php\/wp-json\/wp\/v2\/categories?post=90235"},{"taxonomy":"post_tag","embeddable":true,"href":"https:\/\/blogdoedvaldomagalhaes.com.br\/index.php\/wp-json\/wp\/v2\/tags?post=90235"}],"curies":[{"name":"wp","href":"https:\/\/api.w.org\/{rel}","templated":true}]}}