{"id":9023,"date":"2016-07-13T02:05:00","date_gmt":"2016-07-13T05:05:00","guid":{"rendered":"http:\/\/blogdoedvaldomagalhaes.com.br\/index.php\/2016\/07\/13\/convencao-para-homologar-candidatura-de\/"},"modified":"2019-02-09T00:47:59","modified_gmt":"2019-02-09T02:47:59","slug":"convencao-para-homologar-candidatura-de","status":"publish","type":"post","link":"https:\/\/blogdoedvaldomagalhaes.com.br\/index.php\/2016\/07\/13\/convencao-para-homologar-candidatura-de\/","title":{"rendered":"Conven\u00e7\u00e3o para homologar candidatura de Raquel Lyra ser\u00e1 no \u00faltimo dia do prazo"},"content":{"rendered":"<div class=\"separator\" style=\"clear: both; text-align: center;\">\n<a href=\"https:\/\/4.bp.blogspot.com\/-nB60Zr4vqRk\/V4WhoVxuloI\/AAAAAAAACFw\/1Uhq-Xf5NkA9qqKtIe3aqtAAig-CCkryQCLcB\/s1600\/raquel.jpg\" imageanchor=\"1\" style=\"margin-left: 1em; margin-right: 1em;\"><img loading=\"lazy\" decoding=\"async\" border=\"0\" height=\"266\" src=\"http:\/\/blogdoedvaldomagalhaes.com.br\/wp-content\/uploads\/2016\/07\/raquel.jpg\" width=\"400\" \/><\/a><\/div>\n<div style=\"text-align: left;\">\n<\/div>\n<div class=\"MsoNormal\" style=\"text-align: justify;\">\nA<br \/>\ndeputada estadual por Caruaru, Raquel Lyra (PSDB), far\u00e1 a conven\u00e7\u00e3o para<br \/>\nhomologar o seu nome como candidata \u00e0 sucess\u00e3o municipal no dia 05 de Agosto,<br \/>\nprazo final para a realiza\u00e7\u00e3o da conven\u00e7\u00e3o. A chapa da tucana ainda n\u00e3o est\u00e1<br \/>\nfechada, porque falta o nome do vice, o que pode acontecer at\u00e9 no dia da<br \/>\nconven\u00e7\u00e3o.<\/div>\n<div style=\"margin-bottom: .0001pt; margin: 0cm; text-align: justify;\">\nA Reforma Eleitoral 2015 (Lei n\u00b0 13.165\/2015) promoveu algumas<br \/>\naltera\u00e7\u00f5es na Lei das Elei\u00e7\u00f5es (Lei n\u00ba 9.504\/1997) com novas datas e regras<br \/>\npara realiza\u00e7\u00e3o das conven\u00e7\u00f5es partid\u00e1rias e dos registros de candidatura que<br \/>\nj\u00e1 passam a valer para as elei\u00e7\u00f5es municipais deste ano.&nbsp;<\/div>\n<div style=\"margin-bottom: .0001pt; margin: 0cm; text-align: justify;\">\n<\/div>\n<p><\/p>\n<div style=\"margin: 0cm 0cm 0.0001pt; text-align: justify;\">\nAs conven\u00e7\u00f5es partid\u00e1rias para a escolha dos candidatos&nbsp;pelos partidos e a delibera\u00e7\u00e3o<br \/>\nsobre coliga\u00e7\u00f5es devem ocorrer de 20 de julho a 5 de agosto. No caso das<br \/>\nconven\u00e7\u00f5es n\u00e3o indicarem o n\u00famero m\u00e1ximo de pol\u00edticos, as vagas que sobram<br \/>\ndevem ser preenchidas em at\u00e9 30 dias antes do pleito, n\u00e3o mais 60 dias, como<br \/>\nera na legisla\u00e7\u00e3o anterior&nbsp;<\/div>\n","protected":false},"excerpt":{"rendered":"<p>A deputada estadual por Caruaru, Raquel Lyra (PSDB), far\u00e1 a conven\u00e7\u00e3o para homologar o seu nome como candidata \u00e0 sucess\u00e3o&hellip;<\/p>\n","protected":false},"author":1,"featured_media":0,"comment_status":"open","ping_status":"open","sticky":false,"template":"","format":"standard","meta":{"footnotes":""},"categories":[1],"tags":[2,13604,13605,3121,20,1951,1229,13606],"class_list":["post-9023","post","type-post","status-publish","format-standard","hentry","category-sem-categoria","tag-blog-do-edvaldo-magalhaes","tag-convencoes","tag-homologacoes","tag-noticias-da-politica","tag-politica","tag-psdb","tag-raquel-lyra","tag-reforma-eleitoral"],"_links":{"self":[{"href":"https:\/\/blogdoedvaldomagalhaes.com.br\/index.php\/wp-json\/wp\/v2\/posts\/9023","targetHints":{"allow":["GET"]}}],"collection":[{"href":"https:\/\/blogdoedvaldomagalhaes.com.br\/index.php\/wp-json\/wp\/v2\/posts"}],"about":[{"href":"https:\/\/blogdoedvaldomagalhaes.com.br\/index.php\/wp-json\/wp\/v2\/types\/post"}],"author":[{"embeddable":true,"href":"https:\/\/blogdoedvaldomagalhaes.com.br\/index.php\/wp-json\/wp\/v2\/users\/1"}],"replies":[{"embeddable":true,"href":"https:\/\/blogdoedvaldomagalhaes.com.br\/index.php\/wp-json\/wp\/v2\/comments?post=9023"}],"version-history":[{"count":1,"href":"https:\/\/blogdoedvaldomagalhaes.com.br\/index.php\/wp-json\/wp\/v2\/posts\/9023\/revisions"}],"predecessor-version":[{"id":10198,"href":"https:\/\/blogdoedvaldomagalhaes.com.br\/index.php\/wp-json\/wp\/v2\/posts\/9023\/revisions\/10198"}],"wp:attachment":[{"href":"https:\/\/blogdoedvaldomagalhaes.com.br\/index.php\/wp-json\/wp\/v2\/media?parent=9023"}],"wp:term":[{"taxonomy":"category","embeddable":true,"href":"https:\/\/blogdoedvaldomagalhaes.com.br\/index.php\/wp-json\/wp\/v2\/categories?post=9023"},{"taxonomy":"post_tag","embeddable":true,"href":"https:\/\/blogdoedvaldomagalhaes.com.br\/index.php\/wp-json\/wp\/v2\/tags?post=9023"}],"curies":[{"name":"wp","href":"https:\/\/api.w.org\/{rel}","templated":true}]}}