{"id":90228,"date":"2022-11-26T07:07:39","date_gmt":"2022-11-26T10:07:39","guid":{"rendered":"https:\/\/blogdoedvaldomagalhaes.com.br\/?p=90228"},"modified":"2022-11-26T14:12:45","modified_gmt":"2022-11-26T17:12:45","slug":"miss-e-mister-caruaru-2023-sao-coroados-em-cerimonia-realizada-nesse-sabado-25","status":"publish","type":"post","link":"https:\/\/blogdoedvaldomagalhaes.com.br\/index.php\/2022\/11\/26\/miss-e-mister-caruaru-2023-sao-coroados-em-cerimonia-realizada-nesse-sabado-25\/","title":{"rendered":"Miss e Mister Caruaru 2023\u2019 s\u00e3o coroados em cerim\u00f4nia realizada nesse s\u00e1bado (25)"},"content":{"rendered":"<p style=\"text-align: justify;\"><span style=\"color: initial; font-size: revert;\">Uma cerim\u00f4nia realizada na noite dessa sexta-feira (25) revelou os nomes dos Miss e Mister Caruaru 2023. Foram eleitos Maria Izabel, de 20 anos, que representou o bairro Centen\u00e1rio, e Juliano Oliveira, de 27 anos, do bairro do Salgado.<\/span><\/p>\n<p style=\"text-align: justify;\">A dupla vai representar o munic\u00edpio pelo pr\u00f3ximo ano e, a partir da vit\u00f3ria, entra na prepara\u00e7\u00e3o para o concurso estadual. Ambos foram eleitos com maioria dos votos do j\u00fari, formado por personalidades do mundo da beleza, empres\u00e1rios de Caruaru e regi\u00e3o e representantes de iniciativas culturais.<\/p>\n<p style=\"text-align: justify;\">\u201cFizemos um concurso lindo e muito representativo. Foram dias de prepara\u00e7\u00e3o at\u00e9 chegar \u00e0 grande final e encerramos esse ciclo com o sentimento de dever cumprido. Tenho certeza de que Iza e Juliano v\u00e3o representar muito bem Caruaru\u201d, afirma o coordenador regional, Henricky Campos. Foto: Rafael Aroeira.<\/p>\n<p style=\"text-align: justify;\">Siga o Instagram do Blog @blogdoedvaldomagalhaes<\/p>\n","protected":false},"excerpt":{"rendered":"<p>Uma cerim\u00f4nia realizada na noite dessa sexta-feira (25) revelou os nomes dos Miss e Mister Caruaru 2023. Foram eleitos Maria&hellip;<\/p>\n","protected":false},"author":1,"featured_media":90229,"comment_status":"closed","ping_status":"open","sticky":false,"template":"","format":"standard","meta":{"footnotes":""},"categories":[14120],"tags":[2,19532,3406,26146],"class_list":["post-90228","post","type-post","status-publish","format-standard","has-post-thumbnail","hentry","category-noticias","tag-blog-do-edvaldo-magalhaes","tag-blog-mais-acessado-e-visualizado-de-caruaru-e-regiao","tag-caruaru","tag-miss-e-mister-caruaru-2023-sao-coroados-em-cerimonia-realizada-nesse-sabado-25"],"_links":{"self":[{"href":"https:\/\/blogdoedvaldomagalhaes.com.br\/index.php\/wp-json\/wp\/v2\/posts\/90228","targetHints":{"allow":["GET"]}}],"collection":[{"href":"https:\/\/blogdoedvaldomagalhaes.com.br\/index.php\/wp-json\/wp\/v2\/posts"}],"about":[{"href":"https:\/\/blogdoedvaldomagalhaes.com.br\/index.php\/wp-json\/wp\/v2\/types\/post"}],"author":[{"embeddable":true,"href":"https:\/\/blogdoedvaldomagalhaes.com.br\/index.php\/wp-json\/wp\/v2\/users\/1"}],"replies":[{"embeddable":true,"href":"https:\/\/blogdoedvaldomagalhaes.com.br\/index.php\/wp-json\/wp\/v2\/comments?post=90228"}],"version-history":[{"count":3,"href":"https:\/\/blogdoedvaldomagalhaes.com.br\/index.php\/wp-json\/wp\/v2\/posts\/90228\/revisions"}],"predecessor-version":[{"id":90234,"href":"https:\/\/blogdoedvaldomagalhaes.com.br\/index.php\/wp-json\/wp\/v2\/posts\/90228\/revisions\/90234"}],"wp:featuredmedia":[{"embeddable":true,"href":"https:\/\/blogdoedvaldomagalhaes.com.br\/index.php\/wp-json\/wp\/v2\/media\/90229"}],"wp:attachment":[{"href":"https:\/\/blogdoedvaldomagalhaes.com.br\/index.php\/wp-json\/wp\/v2\/media?parent=90228"}],"wp:term":[{"taxonomy":"category","embeddable":true,"href":"https:\/\/blogdoedvaldomagalhaes.com.br\/index.php\/wp-json\/wp\/v2\/categories?post=90228"},{"taxonomy":"post_tag","embeddable":true,"href":"https:\/\/blogdoedvaldomagalhaes.com.br\/index.php\/wp-json\/wp\/v2\/tags?post=90228"}],"curies":[{"name":"wp","href":"https:\/\/api.w.org\/{rel}","templated":true}]}}