{"id":90225,"date":"2022-11-25T14:41:02","date_gmt":"2022-11-25T17:41:02","guid":{"rendered":"https:\/\/blogdoedvaldomagalhaes.com.br\/?p=90225"},"modified":"2022-11-25T14:41:04","modified_gmt":"2022-11-25T17:41:04","slug":"anteprojeto-de-lei-do-vereador-mauricio-caruaru-solicita-funcionamento-de-creche-a-noite","status":"publish","type":"post","link":"https:\/\/blogdoedvaldomagalhaes.com.br\/index.php\/2022\/11\/25\/anteprojeto-de-lei-do-vereador-mauricio-caruaru-solicita-funcionamento-de-creche-a-noite\/","title":{"rendered":"Anteprojeto de lei do vereador Maur\u00edcio Caruaru solicita funcionamento de creche \u00e0 noite"},"content":{"rendered":"<p style=\"text-align: justify;\">Requerimento com anteprojeto de lei de autoria do vereador Maur\u00edcio Caruaru, que visa a extens\u00e3o de funcionamento, em hor\u00e1rio noturno, de uma das creches instaladas em Caruaru.<\/p>\n<p style=\"text-align: justify;\">Maur\u00edcio Caruaru justificou: &#8220;requeremos em favor daqueles pais que trabalham em per\u00edodo noturno, a extens\u00e3o de funcionamento, em hor\u00e1rio noturno, mais especificamente das 18h \u00e0s 06h do dia seguinte, para uma das creches que est\u00e3o instaladas no bairro Salgado, ou aquela com localidade mais conveniente que possa atender todas as fam\u00edlias de Caruaru, desde que devidamente comprovadas por meio do v\u00ednculo empregat\u00edcio durante esse hor\u00e1rio requerido&#8221;, afirmou o parlamentar.<\/p>\n<p style=\"text-align: justify;\">&#8220;A extens\u00e3o desse hor\u00e1rio de funcionamento ajudar\u00e1 aquelas fam\u00edlias que precisam trabalhar, mas que n\u00e3o t\u00eam com quem deixar seus filhos nos per\u00edodos<br \/>\nnoturnos, garantindo a seguran\u00e7a da crian\u00e7a, como tamb\u00e9m o comprometimento dos pais em seus trabalhos&#8221;, concluiu o vereador Maur\u00edcio Caruaru. Foto: Divulga\u00e7\u00e3o.<\/p>\n<p style=\"text-align: justify;\">Siga o Instagram do Blog @blogdoedvaldomagalhaes<\/p>\n","protected":false},"excerpt":{"rendered":"<p>Requerimento com anteprojeto de lei de autoria do vereador Maur\u00edcio Caruaru, que visa a extens\u00e3o de funcionamento, em hor\u00e1rio noturno,&hellip;<\/p>\n","protected":false},"author":1,"featured_media":90226,"comment_status":"closed","ping_status":"open","sticky":false,"template":"","format":"standard","meta":{"footnotes":""},"categories":[14122],"tags":[26145,2,19532,3406,20],"class_list":["post-90225","post","type-post","status-publish","format-standard","has-post-thumbnail","hentry","category-politica","tag-anteprojeto-de-lei-do-vereador-mauricio-caruaru-solicita-funcionamento-de-creche-a-noite","tag-blog-do-edvaldo-magalhaes","tag-blog-mais-acessado-e-visualizado-de-caruaru-e-regiao","tag-caruaru","tag-politica"],"_links":{"self":[{"href":"https:\/\/blogdoedvaldomagalhaes.com.br\/index.php\/wp-json\/wp\/v2\/posts\/90225","targetHints":{"allow":["GET"]}}],"collection":[{"href":"https:\/\/blogdoedvaldomagalhaes.com.br\/index.php\/wp-json\/wp\/v2\/posts"}],"about":[{"href":"https:\/\/blogdoedvaldomagalhaes.com.br\/index.php\/wp-json\/wp\/v2\/types\/post"}],"author":[{"embeddable":true,"href":"https:\/\/blogdoedvaldomagalhaes.com.br\/index.php\/wp-json\/wp\/v2\/users\/1"}],"replies":[{"embeddable":true,"href":"https:\/\/blogdoedvaldomagalhaes.com.br\/index.php\/wp-json\/wp\/v2\/comments?post=90225"}],"version-history":[{"count":1,"href":"https:\/\/blogdoedvaldomagalhaes.com.br\/index.php\/wp-json\/wp\/v2\/posts\/90225\/revisions"}],"predecessor-version":[{"id":90227,"href":"https:\/\/blogdoedvaldomagalhaes.com.br\/index.php\/wp-json\/wp\/v2\/posts\/90225\/revisions\/90227"}],"wp:featuredmedia":[{"embeddable":true,"href":"https:\/\/blogdoedvaldomagalhaes.com.br\/index.php\/wp-json\/wp\/v2\/media\/90226"}],"wp:attachment":[{"href":"https:\/\/blogdoedvaldomagalhaes.com.br\/index.php\/wp-json\/wp\/v2\/media?parent=90225"}],"wp:term":[{"taxonomy":"category","embeddable":true,"href":"https:\/\/blogdoedvaldomagalhaes.com.br\/index.php\/wp-json\/wp\/v2\/categories?post=90225"},{"taxonomy":"post_tag","embeddable":true,"href":"https:\/\/blogdoedvaldomagalhaes.com.br\/index.php\/wp-json\/wp\/v2\/tags?post=90225"}],"curies":[{"name":"wp","href":"https:\/\/api.w.org\/{rel}","templated":true}]}}