{"id":90221,"date":"2022-11-25T14:22:00","date_gmt":"2022-11-25T17:22:00","guid":{"rendered":"https:\/\/blogdoedvaldomagalhaes.com.br\/?p=90221"},"modified":"2022-11-25T14:22:01","modified_gmt":"2022-11-25T17:22:01","slug":"receita-federal-apreende-celulares-e-eletronicos-irregulares-avaliados-em-r-250-mil","status":"publish","type":"post","link":"https:\/\/blogdoedvaldomagalhaes.com.br\/index.php\/2022\/11\/25\/receita-federal-apreende-celulares-e-eletronicos-irregulares-avaliados-em-r-250-mil\/","title":{"rendered":"Receita Federal apreende celulares e eletr\u00f4nicos irregulares avaliados em R$ 250 mil"},"content":{"rendered":"<p style=\"text-align: justify;\"><span style=\"font-size: revert; color: initial;\">Fiscais da Inspetoria da Receita Federal do Brasil no Aeroporto Internacional do Recife\/Guararapes \u2013 Gilberto Freyre apreenderam na manh\u00e3 de ter\u00e7a-feira (22) celulares, jogos e produtos eletr\u00f4nicos avaliados em 250 mil reais. Os propriet\u00e1rios eram quatro viajantes vindos do sudeste do pa\u00eds. Parte da mercadoria estava em mala despachada e boa parte em bagagem de m\u00e3o.<\/span><\/p>\n<p style=\"text-align: justify;\">Os passageiros estavam tensos e os fiscais encaixotaram os produtos para realizar a deslacra\u00e7\u00e3o e contagem em 48h ap\u00f3s a apreens\u00e3o, de acordo com a legisla\u00e7\u00e3o aduaneira. Os propriet\u00e1rios n\u00e3o apresentaram notas fiscais nem comprovaram a regular importa\u00e7\u00e3o da mercadoria.<\/p>\n<p style=\"text-align: justify;\">As mercadorias foram classificadas e contabilizadas nas seguintes quantidades: 45 smartphones, sendo 18 da marca Apple; mais de 80 jogos de video-game, entre eles 20 jogos FIFA 23; 06 smartwath, 2 consoles para video-game e partes e pe\u00e7as para smartphones e computadores.<\/p>\n<p style=\"text-align: justify;\">A fiscaliza\u00e7\u00e3o \u00e9 rotina da Alf\u00e2ndega do Recife em voos dom\u00e9sticos combatendo o contrabando e descaminho. A Receita Federal atua n\u00e3o apenas nas fronteiras, mas em todo o territ\u00f3rio nacional. Os produtos foram internalizados no pa\u00eds de forma irregular. Uma vez dentro do pa\u00eds, n\u00e3o significa sua legaliza\u00e7\u00e3o. \u00c9 necess\u00e1ria a comprova\u00e7\u00e3o da regular importa\u00e7\u00e3o e aquisi\u00e7\u00e3o por meio de nota fiscal.<\/p>\n<p style=\"text-align: justify;\">A Receita Federal alerta aos lojistas que ao adquirir regularmente produtos para venda garante-se a qualidade e originalidade do eletr\u00f4nico os quais n\u00e3o sofrer\u00e3o penas de perdimento em fiscaliza\u00e7\u00f5es. A atua\u00e7\u00e3o do \u00f3rg\u00e3o protege os pequenos comerciantes e seus funcion\u00e1rios contratados em conformidade com as leis do pa\u00eds, combate aos crimes que geram desemprego, sonega\u00e7\u00e3o de impostos e concorr\u00eancia desleal \u00e0 ind\u00fastria e ao com\u00e9rcio regularmente instalado.<\/p>\n<p style=\"text-align: justify;\">Ap\u00f3s aplicada pena de perdimento e cumpridas as fases do processo administrativo fiscal, os celulares que comprovadamente tiverem homologa\u00e7\u00e3o da Anatel poder\u00e3o ser leiloados com restri\u00e7\u00e3o de uso e consumo de pessoas f\u00edsicas e jur\u00eddicas, vedada a comercializa\u00e7\u00e3o. J\u00e1 aqueles n\u00e3o homologados, poder\u00e3o vir a ser leiloados para pessoas jur\u00eddicas exclusivamente para exporta\u00e7\u00e3o. A distin\u00e7\u00e3o visa inviabilizar a comercializa\u00e7\u00e3o de produtos de telecomunica\u00e7\u00e3o em desacordo com a legisla\u00e7\u00e3o.<\/p>\n\n\n<figure class=\"wp-block-image size-large\"><img loading=\"lazy\" decoding=\"async\" width=\"576\" height=\"1024\" src=\"https:\/\/blogdoedvaldomagalhaes.com.br\/wp-content\/uploads\/2022\/11\/IMG-20221125-WA0023-576x1024.jpg\" alt=\"\" class=\"wp-image-90223\" srcset=\"https:\/\/blogdoedvaldomagalhaes.com.br\/wp-content\/uploads\/2022\/11\/IMG-20221125-WA0023-576x1024.jpg 576w, https:\/\/blogdoedvaldomagalhaes.com.br\/wp-content\/uploads\/2022\/11\/IMG-20221125-WA0023-169x300.jpg 169w, https:\/\/blogdoedvaldomagalhaes.com.br\/wp-content\/uploads\/2022\/11\/IMG-20221125-WA0023-768x1365.jpg 768w, https:\/\/blogdoedvaldomagalhaes.com.br\/wp-content\/uploads\/2022\/11\/IMG-20221125-WA0023-864x1536.jpg 864w, https:\/\/blogdoedvaldomagalhaes.com.br\/wp-content\/uploads\/2022\/11\/IMG-20221125-WA0023.jpg 900w\" sizes=\"auto, (max-width: 576px) 100vw, 576px\" \/><figcaption>Fotos: Divulga\u00e7\u00e3o<\/figcaption><\/figure>\n","protected":false},"excerpt":{"rendered":"<p>Fiscais da Inspetoria da Receita Federal do Brasil no Aeroporto Internacional do Recife\/Guararapes \u2013 Gilberto Freyre apreenderam na manh\u00e3 de&hellip;<\/p>\n","protected":false},"author":1,"featured_media":90222,"comment_status":"closed","ping_status":"open","sticky":false,"template":"","format":"standard","meta":{"footnotes":""},"categories":[14120],"tags":[2,19532,3406,26144],"class_list":["post-90221","post","type-post","status-publish","format-standard","has-post-thumbnail","hentry","category-noticias","tag-blog-do-edvaldo-magalhaes","tag-blog-mais-acessado-e-visualizado-de-caruaru-e-regiao","tag-caruaru","tag-receita-apreende-celulares-e-eletronicos-irregulares-avaliados-em-r-250-mil-no-aeroporto-do-recife"],"_links":{"self":[{"href":"https:\/\/blogdoedvaldomagalhaes.com.br\/index.php\/wp-json\/wp\/v2\/posts\/90221","targetHints":{"allow":["GET"]}}],"collection":[{"href":"https:\/\/blogdoedvaldomagalhaes.com.br\/index.php\/wp-json\/wp\/v2\/posts"}],"about":[{"href":"https:\/\/blogdoedvaldomagalhaes.com.br\/index.php\/wp-json\/wp\/v2\/types\/post"}],"author":[{"embeddable":true,"href":"https:\/\/blogdoedvaldomagalhaes.com.br\/index.php\/wp-json\/wp\/v2\/users\/1"}],"replies":[{"embeddable":true,"href":"https:\/\/blogdoedvaldomagalhaes.com.br\/index.php\/wp-json\/wp\/v2\/comments?post=90221"}],"version-history":[{"count":1,"href":"https:\/\/blogdoedvaldomagalhaes.com.br\/index.php\/wp-json\/wp\/v2\/posts\/90221\/revisions"}],"predecessor-version":[{"id":90224,"href":"https:\/\/blogdoedvaldomagalhaes.com.br\/index.php\/wp-json\/wp\/v2\/posts\/90221\/revisions\/90224"}],"wp:featuredmedia":[{"embeddable":true,"href":"https:\/\/blogdoedvaldomagalhaes.com.br\/index.php\/wp-json\/wp\/v2\/media\/90222"}],"wp:attachment":[{"href":"https:\/\/blogdoedvaldomagalhaes.com.br\/index.php\/wp-json\/wp\/v2\/media?parent=90221"}],"wp:term":[{"taxonomy":"category","embeddable":true,"href":"https:\/\/blogdoedvaldomagalhaes.com.br\/index.php\/wp-json\/wp\/v2\/categories?post=90221"},{"taxonomy":"post_tag","embeddable":true,"href":"https:\/\/blogdoedvaldomagalhaes.com.br\/index.php\/wp-json\/wp\/v2\/tags?post=90221"}],"curies":[{"name":"wp","href":"https:\/\/api.w.org\/{rel}","templated":true}]}}