{"id":90217,"date":"2022-11-25T13:56:24","date_gmt":"2022-11-25T16:56:24","guid":{"rendered":"https:\/\/blogdoedvaldomagalhaes.com.br\/?p=90217"},"modified":"2022-11-25T13:56:25","modified_gmt":"2022-11-25T16:56:25","slug":"maior-causa-de-cegueira-na-terceira-idade-dmri-e-desconhecida-para-74-dos-brasileiros","status":"publish","type":"post","link":"https:\/\/blogdoedvaldomagalhaes.com.br\/index.php\/2022\/11\/25\/maior-causa-de-cegueira-na-terceira-idade-dmri-e-desconhecida-para-74-dos-brasileiros\/","title":{"rendered":"Maior causa de cegueira na terceira idade, DMRI \u00e9 desconhecida para 74% dos brasileiros\u00a0"},"content":{"rendered":"<p style=\"text-align: justify;\"><span style=\"font-weight: 400;\">Uma pesquisa feita pelo IBOPE mostrou que 74% dos brasileiros nunca ouviram falar em <\/span><span style=\"font-weight: 400;\">Degenera\u00e7\u00e3o Macular Relacionada \u00e0 Idade (DMRI)<\/span><span style=\"font-weight: 400;\">,<\/span><span style=\"font-weight: 400;\"> maior causa de cegueira na terceira idade (e a terceira maior no geral). Segundo dados da organiza\u00e7\u00e3o n\u00e3o governamental Retina Brasil, a doen\u00e7a atinge at\u00e9 13% dos adultos com mais de 65 anos e estima-se que em 2040, o n\u00famero de casos da doen\u00e7a alcance os 288 milh\u00f5es de pessoas.<\/span><\/p>\n<p style=\"text-align: justify;\"><span style=\"font-weight: 400;\">A Degenera\u00e7\u00e3o Macular Relacionada \u00e0 Idade (DMRI) \u00e9 uma doen\u00e7a que afeta a parte mais central da retina humana (m\u00e1cula), respons\u00e1vel pela nossa vis\u00e3o mais precisa. \u201cOs principais sintomas s\u00e3o emba\u00e7amento visual, manchas ou pontos pretos na vis\u00e3o e perda da vis\u00e3o\u201d, explica a oftalmologista Camila Ventura, do HOPE, hospital refer\u00eancia em oftalmologia da Rede Vision One.<\/span><\/p>\n<p style=\"text-align: justify;\"><span style=\"font-weight: 400;\">Existem dois tipos de DMRI: a seca (n\u00e3o existe fluido associado) e a \u00famida ou exsudativa (presen\u00e7a de fluido e hemorragia na retina). Em ambos os casos, o acompanhamento de um especialista \u00e9 fundamental. \u201cNo caso da seca, tratamos o paciente com suplementos vitam\u00ednicos. No caso da exsudativa, tratamos com inje\u00e7\u00f5es de antiangiog\u00eanicos, medica\u00e7\u00f5es que combatem vasos anormais e ajudam na reabsor\u00e7\u00e3o do edema (incha\u00e7o)\u201d, afirma Camila.<\/span><\/p>\n<p style=\"text-align: justify;\"><span style=\"font-weight: 400;\">A DMRI tamb\u00e9m possui alguns fatores de risco, como idade (acima dos 60 anos), tabagismo, ter hist\u00f3rico familiar da doen\u00e7a e ser caucasiano. Segundo a oftalmologista Camila Ventura, um estilo de vida saud\u00e1vel \u00e9 fundamental para prevenir a doen\u00e7a. \u201cH\u00e1 uma rela\u00e7\u00e3o muito forte com a hist\u00f3ria familiar\/gen\u00e9tica. Desta forma, maneiras de retardar ou evitar a doen\u00e7a ainda est\u00e3o sendo estudadas, mas indicamos o exerc\u00edcio f\u00edsico, evitar o fumo, hidrata\u00e7\u00e3o, prote\u00e7\u00e3o aos raios UV e alimenta\u00e7\u00e3o rica em frutas e verduras para pacientes com alto risco de desenvolver a doen\u00e7a\u201d, recomenda Camila Ventura.\u00a0<\/span><\/p>\n\n\n<figure class=\"wp-block-image size-full\"><img loading=\"lazy\" decoding=\"async\" width=\"683\" height=\"1024\" src=\"https:\/\/blogdoedvaldomagalhaes.com.br\/wp-content\/uploads\/2022\/11\/IMG-20221125-WA0058.jpg\" alt=\"\" class=\"wp-image-90219\" srcset=\"https:\/\/blogdoedvaldomagalhaes.com.br\/wp-content\/uploads\/2022\/11\/IMG-20221125-WA0058.jpg 683w, https:\/\/blogdoedvaldomagalhaes.com.br\/wp-content\/uploads\/2022\/11\/IMG-20221125-WA0058-200x300.jpg 200w\" sizes=\"auto, (max-width: 683px) 100vw, 683px\" \/><figcaption>Oftalmologista Camila Ventura<\/figcaption><\/figure>\n\n\n\n<p><\/p>\n","protected":false},"excerpt":{"rendered":"<p>Uma pesquisa feita pelo IBOPE mostrou que 74% dos brasileiros nunca ouviram falar em Degenera\u00e7\u00e3o Macular Relacionada \u00e0 Idade (DMRI),&hellip;<\/p>\n","protected":false},"author":1,"featured_media":90218,"comment_status":"closed","ping_status":"open","sticky":false,"template":"","format":"standard","meta":{"footnotes":""},"categories":[14120],"tags":[2,19532,3406,26143],"class_list":["post-90217","post","type-post","status-publish","format-standard","has-post-thumbnail","hentry","category-noticias","tag-blog-do-edvaldo-magalhaes","tag-blog-mais-acessado-e-visualizado-de-caruaru-e-regiao","tag-caruaru","tag-maior-causa-de-cegueira-na-terceira-idade-dmri-e-desconhecida-para-74-dos-brasileiros"],"_links":{"self":[{"href":"https:\/\/blogdoedvaldomagalhaes.com.br\/index.php\/wp-json\/wp\/v2\/posts\/90217","targetHints":{"allow":["GET"]}}],"collection":[{"href":"https:\/\/blogdoedvaldomagalhaes.com.br\/index.php\/wp-json\/wp\/v2\/posts"}],"about":[{"href":"https:\/\/blogdoedvaldomagalhaes.com.br\/index.php\/wp-json\/wp\/v2\/types\/post"}],"author":[{"embeddable":true,"href":"https:\/\/blogdoedvaldomagalhaes.com.br\/index.php\/wp-json\/wp\/v2\/users\/1"}],"replies":[{"embeddable":true,"href":"https:\/\/blogdoedvaldomagalhaes.com.br\/index.php\/wp-json\/wp\/v2\/comments?post=90217"}],"version-history":[{"count":1,"href":"https:\/\/blogdoedvaldomagalhaes.com.br\/index.php\/wp-json\/wp\/v2\/posts\/90217\/revisions"}],"predecessor-version":[{"id":90220,"href":"https:\/\/blogdoedvaldomagalhaes.com.br\/index.php\/wp-json\/wp\/v2\/posts\/90217\/revisions\/90220"}],"wp:featuredmedia":[{"embeddable":true,"href":"https:\/\/blogdoedvaldomagalhaes.com.br\/index.php\/wp-json\/wp\/v2\/media\/90218"}],"wp:attachment":[{"href":"https:\/\/blogdoedvaldomagalhaes.com.br\/index.php\/wp-json\/wp\/v2\/media?parent=90217"}],"wp:term":[{"taxonomy":"category","embeddable":true,"href":"https:\/\/blogdoedvaldomagalhaes.com.br\/index.php\/wp-json\/wp\/v2\/categories?post=90217"},{"taxonomy":"post_tag","embeddable":true,"href":"https:\/\/blogdoedvaldomagalhaes.com.br\/index.php\/wp-json\/wp\/v2\/tags?post=90217"}],"curies":[{"name":"wp","href":"https:\/\/api.w.org\/{rel}","templated":true}]}}