{"id":90214,"date":"2022-11-24T19:42:32","date_gmt":"2022-11-24T22:42:32","guid":{"rendered":"https:\/\/blogdoedvaldomagalhaes.com.br\/?p=90214"},"modified":"2022-11-24T19:42:33","modified_gmt":"2022-11-24T22:42:33","slug":"prefeitura-de-caruaru-divulga-calendario-do-iptu-2023-com-descontos-de-ate-30","status":"publish","type":"post","link":"https:\/\/blogdoedvaldomagalhaes.com.br\/index.php\/2022\/11\/24\/prefeitura-de-caruaru-divulga-calendario-do-iptu-2023-com-descontos-de-ate-30\/","title":{"rendered":"Prefeitura de Caruaru divulga calend\u00e1rio do IPTU 2023 com descontos de at\u00e9 30%"},"content":{"rendered":"<div id=\"chunk-fkiqg\">\n<p style=\"text-align: justify;\">A Prefeitura de Caruaru\u00a0divulgou o calend\u00e1rio de pagamentos do Imposto sobre a Propriedade Predial e Territorial Urbana (IPTU) referente ao ano de 2023. Quem optar por fazer o pagamento em cota \u00fanica at\u00e9 janeiro do pr\u00f3ximo ano pode ter um desconto de 30%.<\/p>\n<\/div>\n<div id=\"chunk-1bpmi\" style=\"text-align: justify;\">\n<p>Os carn\u00eas ser\u00e3o distribu\u00eddos a partir de janeiro de 2023 pelos Correios. Al\u00e9m dos descontos para quem aderir a cota \u00fanica, o contribuinte tamb\u00e9m parcelar o pagamento em at\u00e9 dez parcelas.<\/p>\n<\/div>\n<div id=\"chunk-39i6o\">\n<p style=\"text-align: justify;\">Os pagamentos poder\u00e3o ser realizados na Caixa Econ\u00f4mica Federal, nas casas lot\u00e9ricas, no Banco do Brasil, na tesouraria da prefeitura, na sede ou posto avan\u00e7ado da Secretaria da Fazenda. Ser\u00e3o concedidos descontos para pagamento em parcela \u00fanica nos seguintes percentuais:<\/p>\n<ul class=\"content-unordered-list\" style=\"text-align: justify;\">\n<li>30% sobre o valor total do IPTU 2023, para pagamento em cota \u00fanica at\u00e9 31.01.2023;<\/li>\n<li>20% sobre o valor total do IPTU 2023, para pagamento em cota \u00fanica at\u00e9 28.02.2023;<\/li>\n<li>10% sobre o valor total do IPTU 2023, para pagamento em cota \u00fanica at\u00e9 31.03.2023.<\/li>\n<\/ul>\n<div id=\"chunk-2qura\" style=\"text-align: justify;\">\n<p>Para o contribuinte que optar pelo pagamento parcelado, a primeira parcela vence em 31 de janeiro de 2023 e a \u00faltima em 31 de outubro de 2023.<\/p>\n<\/div>\n<div id=\"chunk-f4hsh\">\n<p style=\"text-align: justify;\">Caso o contribuinte n\u00e3o receba o documento, dever\u00e1 procurar o Centro de Distribui\u00e7\u00e3o dos Correios da rua Martins J\u00fanior, 12 A, no Centro; Secretaria da Fazenda, sede ou posto avan\u00e7ado, ou acessar os boletos atrav\u00e9s do Portal do Contribuinte munido do cadastro do im\u00f3vel, CPF ou CNPJ, para obter a 2\u00aa via. Foto: Jorge Farias.<\/p>\n<p style=\"text-align: justify;\">Siga o Instagram @blogdoedvaldomagalhaes<\/p>\n<\/div>\n<\/div>\n","protected":false},"excerpt":{"rendered":"<p>A Prefeitura de Caruaru\u00a0divulgou o calend\u00e1rio de pagamentos do Imposto sobre a Propriedade Predial e Territorial Urbana (IPTU) referente ao&hellip;<\/p>\n","protected":false},"author":1,"featured_media":90215,"comment_status":"closed","ping_status":"open","sticky":false,"template":"","format":"standard","meta":{"footnotes":""},"categories":[14120],"tags":[2,19532,3406,26142],"class_list":["post-90214","post","type-post","status-publish","format-standard","has-post-thumbnail","hentry","category-noticias","tag-blog-do-edvaldo-magalhaes","tag-blog-mais-acessado-e-visualizado-de-caruaru-e-regiao","tag-caruaru","tag-prefeitura-de-caruaru-divulga-calendario-do-iptu-2023-com-descontos-de-ate-30"],"_links":{"self":[{"href":"https:\/\/blogdoedvaldomagalhaes.com.br\/index.php\/wp-json\/wp\/v2\/posts\/90214","targetHints":{"allow":["GET"]}}],"collection":[{"href":"https:\/\/blogdoedvaldomagalhaes.com.br\/index.php\/wp-json\/wp\/v2\/posts"}],"about":[{"href":"https:\/\/blogdoedvaldomagalhaes.com.br\/index.php\/wp-json\/wp\/v2\/types\/post"}],"author":[{"embeddable":true,"href":"https:\/\/blogdoedvaldomagalhaes.com.br\/index.php\/wp-json\/wp\/v2\/users\/1"}],"replies":[{"embeddable":true,"href":"https:\/\/blogdoedvaldomagalhaes.com.br\/index.php\/wp-json\/wp\/v2\/comments?post=90214"}],"version-history":[{"count":1,"href":"https:\/\/blogdoedvaldomagalhaes.com.br\/index.php\/wp-json\/wp\/v2\/posts\/90214\/revisions"}],"predecessor-version":[{"id":90216,"href":"https:\/\/blogdoedvaldomagalhaes.com.br\/index.php\/wp-json\/wp\/v2\/posts\/90214\/revisions\/90216"}],"wp:featuredmedia":[{"embeddable":true,"href":"https:\/\/blogdoedvaldomagalhaes.com.br\/index.php\/wp-json\/wp\/v2\/media\/90215"}],"wp:attachment":[{"href":"https:\/\/blogdoedvaldomagalhaes.com.br\/index.php\/wp-json\/wp\/v2\/media?parent=90214"}],"wp:term":[{"taxonomy":"category","embeddable":true,"href":"https:\/\/blogdoedvaldomagalhaes.com.br\/index.php\/wp-json\/wp\/v2\/categories?post=90214"},{"taxonomy":"post_tag","embeddable":true,"href":"https:\/\/blogdoedvaldomagalhaes.com.br\/index.php\/wp-json\/wp\/v2\/tags?post=90214"}],"curies":[{"name":"wp","href":"https:\/\/api.w.org\/{rel}","templated":true}]}}