{"id":90209,"date":"2022-11-24T18:14:18","date_gmt":"2022-11-24T21:14:18","guid":{"rendered":"https:\/\/blogdoedvaldomagalhaes.com.br\/?p=90209"},"modified":"2022-11-24T18:36:57","modified_gmt":"2022-11-24T21:36:57","slug":"ciclista-morre-atropelado-por-caminhao-na-pe-95-em-caruaru","status":"publish","type":"post","link":"https:\/\/blogdoedvaldomagalhaes.com.br\/index.php\/2022\/11\/24\/ciclista-morre-atropelado-por-caminhao-na-pe-95-em-caruaru\/","title":{"rendered":"Ciclista morre atropelado por caminh\u00e3o na PE 95, em Caruaru"},"content":{"rendered":"<p style=\"text-align: justify;\">Na tarde desta quinta-feira (24), um ciclista morreu atropelado por um caminh\u00e3o, na PE 95, na Vila Gravat\u00e1 Assu, zona rural de Caruaru.<\/p>\n<p style=\"text-align: justify;\">Segundo informa\u00e7\u00f5es, o caminh\u00e3o seguia sentido Riacho das Almas\/Caruaru, quando o ciclista Severino Manoel da Silva, de 52 anos de idade, tentou atravessar a pista quando foi atropelado. O corpo da v\u00edtima ficou embaixo do caminh\u00e3o. Motol\u00e2ncias do SAMU estiveram no local, mas, a v\u00edtima j\u00e1 estava em \u00f3bito. O caminhoneiro permaneceu no local.<\/p>\n<p style=\"text-align: justify;\">Siga o Instagram @blogdoedvaldomagalhaes<\/p>\n","protected":false},"excerpt":{"rendered":"<p>Na tarde desta quinta-feira (24), um ciclista morreu atropelado por um caminh\u00e3o, na PE 95, na Vila Gravat\u00e1 Assu, zona&hellip;<\/p>\n","protected":false},"author":1,"featured_media":90210,"comment_status":"closed","ping_status":"open","sticky":false,"template":"","format":"standard","meta":{"footnotes":""},"categories":[14120],"tags":[2,19532,3406,26141],"class_list":["post-90209","post","type-post","status-publish","format-standard","has-post-thumbnail","hentry","category-noticias","tag-blog-do-edvaldo-magalhaes","tag-blog-mais-acessado-e-visualizado-de-caruaru-e-regiao","tag-caruaru","tag-ciclista-morre-atropelado-por-caminhao-na-pe-95-em-caruaru"],"_links":{"self":[{"href":"https:\/\/blogdoedvaldomagalhaes.com.br\/index.php\/wp-json\/wp\/v2\/posts\/90209","targetHints":{"allow":["GET"]}}],"collection":[{"href":"https:\/\/blogdoedvaldomagalhaes.com.br\/index.php\/wp-json\/wp\/v2\/posts"}],"about":[{"href":"https:\/\/blogdoedvaldomagalhaes.com.br\/index.php\/wp-json\/wp\/v2\/types\/post"}],"author":[{"embeddable":true,"href":"https:\/\/blogdoedvaldomagalhaes.com.br\/index.php\/wp-json\/wp\/v2\/users\/1"}],"replies":[{"embeddable":true,"href":"https:\/\/blogdoedvaldomagalhaes.com.br\/index.php\/wp-json\/wp\/v2\/comments?post=90209"}],"version-history":[{"count":2,"href":"https:\/\/blogdoedvaldomagalhaes.com.br\/index.php\/wp-json\/wp\/v2\/posts\/90209\/revisions"}],"predecessor-version":[{"id":90213,"href":"https:\/\/blogdoedvaldomagalhaes.com.br\/index.php\/wp-json\/wp\/v2\/posts\/90209\/revisions\/90213"}],"wp:featuredmedia":[{"embeddable":true,"href":"https:\/\/blogdoedvaldomagalhaes.com.br\/index.php\/wp-json\/wp\/v2\/media\/90210"}],"wp:attachment":[{"href":"https:\/\/blogdoedvaldomagalhaes.com.br\/index.php\/wp-json\/wp\/v2\/media?parent=90209"}],"wp:term":[{"taxonomy":"category","embeddable":true,"href":"https:\/\/blogdoedvaldomagalhaes.com.br\/index.php\/wp-json\/wp\/v2\/categories?post=90209"},{"taxonomy":"post_tag","embeddable":true,"href":"https:\/\/blogdoedvaldomagalhaes.com.br\/index.php\/wp-json\/wp\/v2\/tags?post=90209"}],"curies":[{"name":"wp","href":"https:\/\/api.w.org\/{rel}","templated":true}]}}