{"id":90206,"date":"2022-11-24T16:30:08","date_gmt":"2022-11-24T19:30:08","guid":{"rendered":"https:\/\/blogdoedvaldomagalhaes.com.br\/?p=90206"},"modified":"2022-11-24T16:30:10","modified_gmt":"2022-11-24T19:30:10","slug":"familia-procura-motorista-de-caruaru-desapareceu-apos-levar-caminhao-em-belo-jardim","status":"publish","type":"post","link":"https:\/\/blogdoedvaldomagalhaes.com.br\/index.php\/2022\/11\/24\/familia-procura-motorista-de-caruaru-desapareceu-apos-levar-caminhao-em-belo-jardim\/","title":{"rendered":"Fam\u00edlia procura motorista de Caruaru desapareceu ap\u00f3s levar caminh\u00e3o em Belo Jardim"},"content":{"rendered":"<p style=\"text-align: justify;\">O caminhoneiro Valmir Brito dos Santos, conhecido como \u201cGalo\u201d, de 40 anos de idade, que reside no bairro S\u00e3o Jos\u00e9, em Caruaru, est\u00e1 desaparecido desde a madrugada dessa ter\u00e7a-feira (22). Valmir deixou um caminh\u00e3o da empresa que trabalha na cidade de Belo Jardim, no Agreste de Pernambuco, e depois n\u00e3o foi mais visto.<\/p>\n<p style=\"text-align: justify;\">Quem souber do paradeiro do Valmir que entre em contato com a fam\u00edlia, atrav\u00e9s do telefone (81) 9 9260-9545 ou com Carlos Salviano 9 8151-8663 e ajude a fam\u00edlia.<\/p>\n<p style=\"text-align: justify;\">Siga o Instagram do Blog @blogdoedvaldomagalhaes<\/p>\n","protected":false},"excerpt":{"rendered":"<p>O caminhoneiro Valmir Brito dos Santos, conhecido como \u201cGalo\u201d, de 40 anos de idade, que reside no bairro S\u00e3o Jos\u00e9,&hellip;<\/p>\n","protected":false},"author":1,"featured_media":90207,"comment_status":"closed","ping_status":"open","sticky":false,"template":"","format":"standard","meta":{"footnotes":""},"categories":[14120],"tags":[2,19532,3406,26140],"class_list":["post-90206","post","type-post","status-publish","format-standard","has-post-thumbnail","hentry","category-noticias","tag-blog-do-edvaldo-magalhaes","tag-blog-mais-acessado-e-visualizado-de-caruaru-e-regiao","tag-caruaru","tag-familia-procura-motorista-de-caruaru-desapareceu-apos-levar-caminhao-em-belo-jardim"],"_links":{"self":[{"href":"https:\/\/blogdoedvaldomagalhaes.com.br\/index.php\/wp-json\/wp\/v2\/posts\/90206","targetHints":{"allow":["GET"]}}],"collection":[{"href":"https:\/\/blogdoedvaldomagalhaes.com.br\/index.php\/wp-json\/wp\/v2\/posts"}],"about":[{"href":"https:\/\/blogdoedvaldomagalhaes.com.br\/index.php\/wp-json\/wp\/v2\/types\/post"}],"author":[{"embeddable":true,"href":"https:\/\/blogdoedvaldomagalhaes.com.br\/index.php\/wp-json\/wp\/v2\/users\/1"}],"replies":[{"embeddable":true,"href":"https:\/\/blogdoedvaldomagalhaes.com.br\/index.php\/wp-json\/wp\/v2\/comments?post=90206"}],"version-history":[{"count":1,"href":"https:\/\/blogdoedvaldomagalhaes.com.br\/index.php\/wp-json\/wp\/v2\/posts\/90206\/revisions"}],"predecessor-version":[{"id":90208,"href":"https:\/\/blogdoedvaldomagalhaes.com.br\/index.php\/wp-json\/wp\/v2\/posts\/90206\/revisions\/90208"}],"wp:featuredmedia":[{"embeddable":true,"href":"https:\/\/blogdoedvaldomagalhaes.com.br\/index.php\/wp-json\/wp\/v2\/media\/90207"}],"wp:attachment":[{"href":"https:\/\/blogdoedvaldomagalhaes.com.br\/index.php\/wp-json\/wp\/v2\/media?parent=90206"}],"wp:term":[{"taxonomy":"category","embeddable":true,"href":"https:\/\/blogdoedvaldomagalhaes.com.br\/index.php\/wp-json\/wp\/v2\/categories?post=90206"},{"taxonomy":"post_tag","embeddable":true,"href":"https:\/\/blogdoedvaldomagalhaes.com.br\/index.php\/wp-json\/wp\/v2\/tags?post=90206"}],"curies":[{"name":"wp","href":"https:\/\/api.w.org\/{rel}","templated":true}]}}