{"id":90202,"date":"2022-11-24T15:38:24","date_gmt":"2022-11-24T18:38:24","guid":{"rendered":"https:\/\/blogdoedvaldomagalhaes.com.br\/?p=90202"},"modified":"2022-11-24T15:40:59","modified_gmt":"2022-11-24T18:40:59","slug":"governo-do-estado-e-senac-oferecem-cursos-gratuitos-para-atuar-em-turismo","status":"publish","type":"post","link":"https:\/\/blogdoedvaldomagalhaes.com.br\/index.php\/2022\/11\/24\/governo-do-estado-e-senac-oferecem-cursos-gratuitos-para-atuar-em-turismo\/","title":{"rendered":"Governo do Estado e Senac oferecem cursos gratuitos para atuar em turismo"},"content":{"rendered":"<p style=\"text-align: justify;\"><span style=\"color: initial; font-size: revert;\">A Secretaria de Turismo e Lazer e a Empetur, em parceria com o Sebrae, oferecem mais vagas para forma\u00e7\u00e3o profissional no segmento tur\u00edstico. As vagas correspondem a condutor de Turismo Cultural, recep\u00e7\u00e3o e meios de hospedagem e gar\u00e7om. As aulas seguem em formato h\u00edbrido por todo o Estado.<\/span><\/p>\n<p style=\"text-align: justify;\">Os cursos contribuem para a gera\u00e7\u00e3o de emprego e renda, bem como um melhor atendimento aos turistas. \u201cCom novas turmas em cursos voltados para o segmento tur\u00edstico, damos continuidade \u00e0 agenda de cursos, que sempre foi uma das nossas prioridades na gest\u00e3o. Entendemos que promovendo a educa\u00e7\u00e3o possibilitamos novas oportunidades de crescimento e entrada no mercado de trabalho, colaborando para o desenvolvimento da atividade tur\u00edstica no Estado\u201d, avalia a secret\u00e1ria de Turismo e Lazer de Pernambuco, Milu Megale.<\/p>\n<p style=\"text-align: justify;\">Para participar, \u00e9 preciso ter mais de 18 anos e, no m\u00ednimo, escolaridade Fundamental incompleto (T\u00e9cnicas de Recep\u00e7\u00e3o) e de Fundamental II incompleto (Condutor de turismo cultural).<\/p>\n<p style=\"text-align: justify;\">O trabalho conjunto possibilitou a abertura de mais turmas nas especializa\u00e7\u00f5es em idiomas, roteiros tur\u00edsticos, trilhas e caminhadas ecol\u00f3gicas, turismo cultural, recep\u00e7\u00e3o, gar\u00e7om, camareira, condutor de visitantes, empreendedorismo, jardinagem, comidas regionais, doces caseiros, licores, conservas, planejamento e implanta\u00e7\u00e3o de pousadas e restaurantes rurais e acolhimento no meio rural.<\/p>\n<p style=\"text-align: justify;\">\nServi\u00e7o:<\/p>\n<p style=\"text-align: justify;\">T\u00e9cnicas de Recep\u00e7\u00e3o para Meios de Hospedagem<\/p>\n<p style=\"text-align: justify;\">Per\u00edodo: 28\/11, 12 a 19\/12<\/p>\n<p style=\"text-align: justify;\">Turma 9<\/p>\n<p style=\"text-align: justify;\">Hor\u00e1rio: 15h \u00e0s 18h<\/p>\n<p style=\"text-align: justify;\">Per\u00edodo: 28\/11 at\u00e9 12\/12\/2022<\/p>\n<p style=\"text-align: justify;\">https:\/\/www6.pe.senac.br\/evento\/setur-psg\/?c=828c3938b662961ed8f775ed638b97f2<\/p>\n<p style=\"text-align: justify;\">\n<p style=\"text-align: justify;\">Turma 10<\/p>\n<p style=\"text-align: justify;\">Hor\u00e1rio: 18h30 \u00e0s 21h30<\/p>\n<p style=\"text-align: justify;\">Per\u00edodo: 28\/11 at\u00e9 12\/12\/2022<\/p>\n<p style=\"text-align: justify;\">https:\/\/www6.pe.senac.br\/evento\/setur-psg\/?c=049671e28a386427e432b3370a22aae4<\/p>\n<p style=\"text-align: justify;\">\nTurma 11<\/p>\n<p style=\"text-align: justify;\">Hor\u00e1rio: 15h \u00e0s 18h<\/p>\n<p style=\"text-align: justify;\">Per\u00edodo: 22\/11 at\u00e9 06\/12\/2022<\/p>\n<p style=\"text-align: justify;\">https:\/\/www6.pe.senac.br\/evento\/setur-psg\/?c=01846ae470651e97d2f73fce979406a9<\/p>\n<p style=\"text-align: justify;\">\nGar\u00e7om<\/p>\n<p style=\"text-align: justify;\">Per\u00edodo: 29\/11 a 19\/12<\/p>\n<p style=\"text-align: justify;\">Turma 1<\/p>\n<p style=\"text-align: justify;\">Aula remota:<\/p>\n<p style=\"text-align: justify;\">Per\u00edodo: 28\/11 a 19\/12\/22<\/p>\n<p style=\"text-align: justify;\">Dias: segunda a sexta-feira<\/p>\n<p style=\"text-align: justify;\">Hor\u00e1rio: 14h \u00e0s 17h<\/p>\n<p style=\"text-align: justify;\">Aula Pr\u00e1tica Presencial:<\/p>\n<p style=\"text-align: justify;\">Local: Palmares<\/p>\n<p style=\"text-align: justify;\">Data: 29\/11\/22<\/p>\n<p style=\"text-align: justify;\">https:\/\/www6.pe.senac.br\/evento\/setur-psg\/?c=daea32adcae6abcb548134fa98f139f9<\/p>\n<p style=\"text-align: justify;\">\n<p style=\"text-align: justify;\">Turma 2<\/p>\n<p style=\"text-align: justify;\">Aula remota:<\/p>\n<p style=\"text-align: justify;\">Per\u00edodo: 29\/11 a 4\/12\/22<\/p>\n<p style=\"text-align: justify;\">Hor\u00e1rio: 8h \u00e0s 12h<\/p>\n<p style=\"text-align: justify;\">Dias segunda a sexta-feira<\/p>\n<p style=\"text-align: justify;\">Aula Pr\u00e1tica Presencial:<\/p>\n<p style=\"text-align: justify;\">Local: Araripina<\/p>\n<p style=\"text-align: justify;\">Data: 29\/11\/22<\/p>\n<p style=\"text-align: justify;\">https:\/\/www6.pe.senac.br\/evento\/setur-psg\/?c=6fe6a8a6e6cb710584efc4af0c34ce50<\/p>\n<p style=\"text-align: justify;\">\nTurma 3<\/p>\n<p style=\"text-align: justify;\">Aula remota:<\/p>\n<p style=\"text-align: justify;\">Per\u00edodo:29\/11 a 4\/12\/22<\/p>\n<p style=\"text-align: justify;\">Hor\u00e1rio: 14h \u00e0s 17h<\/p>\n<p style=\"text-align: justify;\">Aula Pr\u00e1tica Presencial:<\/p>\n<p style=\"text-align: justify;\">Local: Petrolina<\/p>\n<p style=\"text-align: justify;\">Data: 12\/12\/22<\/p>\n<p style=\"text-align: justify;\">https:\/\/www6.pe.senac.br\/evento\/setur-psg\/?c=daea32adcae6abcb548134fa98f139f9<\/p>\n<p style=\"text-align: justify;\">\nTurma 5<\/p>\n<p style=\"text-align: justify;\">Aula remota:<\/p>\n<p style=\"text-align: justify;\">Per\u00edodo: 5\/12 a 16\/12\/22<\/p>\n<p style=\"text-align: justify;\">Hor\u00e1rio: 8h \u00e0s 12h<\/p>\n<p style=\"text-align: justify;\">Dias: segunda a sexta-feira<\/p>\n<p style=\"text-align: justify;\">Aula Pr\u00e1tica Presencial:<\/p>\n<p style=\"text-align: justify;\">Local:Gravata<\/p>\n<p style=\"text-align: justify;\">Data: 14\/12\/22<\/p>\n<p style=\"text-align: justify;\">https:\/\/www6.pe.senac.br\/evento\/setur-psg\/?c=ac53fab47b547a0d47b77e424cf119ba<\/p>\n<p style=\"text-align: justify;\">\nTurma 6<\/p>\n<p style=\"text-align: justify;\">Aula remota:<\/p>\n<p>Per\u00edodo: 5\/12 a 16\/12\/22<\/p>\n<p>Hor\u00e1rio: 8 \u00e0s 12h<\/p>\n<p>Dias: segunda a sexta-feira<\/p>\n<p>Aula Pr\u00e1tica Presencial:<\/p>\n<p>Local: Arcoverde<\/p>\n<p>Data: 15\/12\/22<\/p>\n<p>https:\/\/www6.pe.senac.br\/evento\/setur-psg\/?c=36f4d832825380f102846560a5104c90<\/p>\n<p>Turma 7<\/p>\n<p>Aula remota:<\/p>\n<p>Per\u00edodo: 12\/12 a 23\/12\/22<\/p>\n<p>Dias: Segunda a sexta-feira<\/p>\n<p>Hor\u00e1rio: 8h \u00e0s 11h<\/p>\n<p>Aula Pr\u00e1tica Presencial:<\/p>\n<p>Local: Serra Talhada<\/p>\n<p>Data: 06\/12\/22<\/p>\n<p style=\"text-align: justify;\">https:\/\/www6.pe.senac.br\/evento\/setur-psg\/?c=a58337d1b8c98bf3225186673be3407b<\/p>\n<p style=\"text-align: justify;\">\nTurma 8<\/p>\n<p style=\"text-align: justify;\">Aula remota:<\/p>\n<p style=\"text-align: justify;\">Per\u00edodo: 5\/12 a 16\/12\/22<\/p>\n<p style=\"text-align: justify;\">Hor\u00e1rio: 13h \u00e0s 17h<\/p>\n<p style=\"text-align: justify;\">Dias: segunda a sexta-feira<\/p>\n<p style=\"text-align: justify;\">Aula Pr\u00e1tica Presencial:<\/p>\n<p style=\"text-align: justify;\">Local: Ipojuca<\/p>\n<p style=\"text-align: justify;\">Data: 13\/12\/22<\/p>\n<p style=\"text-align: justify;\">https:\/\/www6.pe.senac.br\/evento\/setur-psg\/?c=a084f26f690dbc23a52e67027693f2b2<\/p>\n<p style=\"text-align: justify;\">\nTurma 9<\/p>\n<p style=\"text-align: justify;\">Aula remota:<\/p>\n<p style=\"text-align: justify;\">Per\u00edodo: 28\/11 a 9\/12\/22<\/p>\n<p style=\"text-align: justify;\">Hor\u00e1rio: 8h \u00e0s 11h<\/p>\n<p style=\"text-align: justify;\">Dias: segunda a sexta-feira<\/p>\n<p style=\"text-align: justify;\">Aula Pr\u00e1tica Presencial:<\/p>\n<p style=\"text-align: justify;\">Local: Floresta<\/p>\n<p style=\"text-align: justify;\">Data: 06\/12\/22<\/p>\n<p style=\"text-align: justify;\">https:\/\/www6.pe.senac.br\/evento\/setur-psg\/?c=c2368d3d45705a56e51ec5940e187f8d<\/p>\n<p style=\"text-align: justify;\">\nTurma 10<\/p>\n<p style=\"text-align: justify;\">Aula remota:<\/p>\n<p style=\"text-align: justify;\">Per\u00edodo: 21\/11 a 20\/12\/22<\/p>\n<p style=\"text-align: justify;\">Hor\u00e1rio: 14h \u00e0s 17h<\/p>\n<p style=\"text-align: justify;\">Aula Pr\u00e1tica Presencial:<\/p>\n<p style=\"text-align: justify;\">Local: Gravata\/Salgueiro -haver\u00e1 aula nas duas cidades<\/p>\n<p style=\"text-align: justify;\">Data: 05\/12\/22<\/p>\n<p style=\"text-align: justify;\">https:\/\/www6.pe.senac.br\/evento\/setur-psg\/?c=43c656628a4a479e108ed86f7a28a010<\/p>\n<p style=\"text-align: justify;\"><strong>Condutor Cultural<\/strong><\/p>\n<p style=\"text-align: justify;\">Turma 1<\/p>\n<p style=\"text-align: justify;\">Hor\u00e1rio: 8h \u00e0s 11h<\/p>\n<p style=\"text-align: justify;\">Per\u00edodo: 28\/11 at\u00e9 19\/12\/2022<\/p>\n<p style=\"text-align: justify;\">https:\/\/www6.pe.senac.br\/evento\/setur-psg\/?c=033daef61ea8721921fbbeebb6f87313<\/p>\n<p style=\"text-align: justify;\">Turma 2<\/p>\n<p style=\"text-align: justify;\">Hor\u00e1rio: 14h \u00e0s 17h<\/p>\n<p style=\"text-align: justify;\">Per\u00edodo: 28\/11 at\u00e9 19\/12\/2022<\/p>\n<p style=\"text-align: justify;\">https:\/\/www6.pe.senac.br\/evento\/setur-psg\/?c=227e072d131ba77451d8f27ab9afdfb7<\/p>\n<p style=\"text-align: justify;\">Turma 9<\/p>\n<p style=\"text-align: justify;\">Hor\u00e1rio: 18h30 \u00e0s 21h30<\/p>\n<p style=\"text-align: justify;\">Per\u00edodo: 21\/11 at\u00e9 12\/12\/2022<\/p>\n<p style=\"text-align: justify;\">https:\/\/www6.pe.senac.br\/evento\/setur-psg\/?c=94f4ede62112b790c91d5e64fdb09cb8<\/p>\n<p style=\"text-align: justify;\">Documenta\u00e7\u00e3o necess\u00e1ria:<\/p>\n<p style=\"text-align: justify;\">\u2022 RG (frente e verso)<\/p>\n<p style=\"text-align: justify;\">\u2022 CPF<\/p>\n<p style=\"text-align: justify;\">\u2022 Comprovante de Resid\u00eancia (quem n\u00e3o tiver conta em seu nome, pode ser no nome do pai ou da m\u00e3e)<\/p>\n<p style=\"text-align: justify;\">\u2022 Comprovante de Escolaridade.<\/p>\n<p style=\"text-align: justify;\">Foto: Divulga\u00e7\u00e3o.<\/p>\n<p style=\"text-align: justify;\">Siga o Instagram do Blog @blogdoedvaldomagalhaes<\/p>\n","protected":false},"excerpt":{"rendered":"<p>A Secretaria de Turismo e Lazer e a Empetur, em parceria com o Sebrae, oferecem mais vagas para forma\u00e7\u00e3o profissional&hellip;<\/p>\n","protected":false},"author":1,"featured_media":90204,"comment_status":"closed","ping_status":"open","sticky":false,"template":"","format":"standard","meta":{"footnotes":""},"categories":[14120],"tags":[2,19532,3406,26138],"class_list":["post-90202","post","type-post","status-publish","format-standard","has-post-thumbnail","hentry","category-noticias","tag-blog-do-edvaldo-magalhaes","tag-blog-mais-acessado-e-visualizado-de-caruaru-e-regiao","tag-caruaru","tag-governo-do-estado-e-senac-oferecem-cursos-gratuitos-para-atuar-em-turismo"],"_links":{"self":[{"href":"https:\/\/blogdoedvaldomagalhaes.com.br\/index.php\/wp-json\/wp\/v2\/posts\/90202","targetHints":{"allow":["GET"]}}],"collection":[{"href":"https:\/\/blogdoedvaldomagalhaes.com.br\/index.php\/wp-json\/wp\/v2\/posts"}],"about":[{"href":"https:\/\/blogdoedvaldomagalhaes.com.br\/index.php\/wp-json\/wp\/v2\/types\/post"}],"author":[{"embeddable":true,"href":"https:\/\/blogdoedvaldomagalhaes.com.br\/index.php\/wp-json\/wp\/v2\/users\/1"}],"replies":[{"embeddable":true,"href":"https:\/\/blogdoedvaldomagalhaes.com.br\/index.php\/wp-json\/wp\/v2\/comments?post=90202"}],"version-history":[{"count":1,"href":"https:\/\/blogdoedvaldomagalhaes.com.br\/index.php\/wp-json\/wp\/v2\/posts\/90202\/revisions"}],"predecessor-version":[{"id":90203,"href":"https:\/\/blogdoedvaldomagalhaes.com.br\/index.php\/wp-json\/wp\/v2\/posts\/90202\/revisions\/90203"}],"wp:featuredmedia":[{"embeddable":true,"href":"https:\/\/blogdoedvaldomagalhaes.com.br\/index.php\/wp-json\/wp\/v2\/media\/90204"}],"wp:attachment":[{"href":"https:\/\/blogdoedvaldomagalhaes.com.br\/index.php\/wp-json\/wp\/v2\/media?parent=90202"}],"wp:term":[{"taxonomy":"category","embeddable":true,"href":"https:\/\/blogdoedvaldomagalhaes.com.br\/index.php\/wp-json\/wp\/v2\/categories?post=90202"},{"taxonomy":"post_tag","embeddable":true,"href":"https:\/\/blogdoedvaldomagalhaes.com.br\/index.php\/wp-json\/wp\/v2\/tags?post=90202"}],"curies":[{"name":"wp","href":"https:\/\/api.w.org\/{rel}","templated":true}]}}