{"id":902,"date":"2018-10-25T14:18:00","date_gmt":"2018-10-25T16:18:00","guid":{"rendered":"http:\/\/blogdoedvaldomagalhaes.com.br\/index.php\/2018\/10\/25\/presidente-do-psl-mulher-caruaru-toma\/"},"modified":"2019-02-09T02:36:47","modified_gmt":"2019-02-09T04:36:47","slug":"presidente-do-psl-mulher-caruaru-toma","status":"publish","type":"post","link":"https:\/\/blogdoedvaldomagalhaes.com.br\/index.php\/2018\/10\/25\/presidente-do-psl-mulher-caruaru-toma\/","title":{"rendered":"Presidente do PSL Mulher Caruaru toma posse nesta quinta (25)"},"content":{"rendered":"<div class=\"separator\" style=\"clear: both; text-align: center;\">\n<a href=\"https:\/\/4.bp.blogspot.com\/-ftfZ88scm1Q\/W9HP-k7WJZI\/AAAAAAAA8Ww\/Lujp6woga58cWUB4d3bvwpG-wq0abuvQwCLcBGAs\/s1600\/IMG-20181025-WA0065.jpg\" imageanchor=\"1\" style=\"margin-left: 1em; margin-right: 1em;\"><img loading=\"lazy\" decoding=\"async\" border=\"0\" data-original-height=\"960\" data-original-width=\"643\" height=\"640\" src=\"http:\/\/blogdoedvaldomagalhaes.com.br\/wp-content\/uploads\/2018\/10\/IMG-20181025-WA0065.jpg\" width=\"428\" \/><\/a><\/div>\n<div style=\"text-align: justify;\">\n<\/div>\n<div style=\"text-align: justify;\">\nNesta quinta-feira (25), toma posse do cargo de presidente do PSL mulher Caruaru, a empres\u00e1ria Sandra Varela. A cerim\u00f4nia ser\u00e1 realizada no comit\u00ea central do presidenci\u00e1vel Jair Bolsonaro, que fica localizado na avenida Agamenon Magalhaes, N 1201, \u00e1s 19h30.<\/div>\n<div style=\"text-align: justify;\">\n<\/div>\n<div style=\"text-align: justify;\">\nNa ocasi\u00e3o estar\u00e3o presentes l\u00edderes dos movimentos Eu Vim de Gra\u00e7a (EVG) e do Brasil Livre (MBL), al\u00e9m da imprensa e apoiadores de Jair Bolsonaro.<\/div>\n<div style=\"text-align: justify;\">\n<\/div>\n<div style=\"text-align: justify;\">\nSegundo Sandra Varela a responsabilidade \u00e9 enorme, por\u00e9m, sabe que est\u00e1 preparada para o novo desafio, &#8220;O meu principal objetivo \u00e9 de promover engajamento das mulheres ao PSL e a luta por uma Caruaru melhor. Tamb\u00e9m temos que lutar por pol\u00edticas p\u00fablicas e pela mulher de nossa regi\u00e3o. Encaro esse desafio como um compromisso para termos fortalecimento dos valores conservadores e as teorias liberais&#8221;, revelou Varela.<\/div>\n<div style=\"text-align: justify;\">\n<\/div>\n<div style=\"text-align: justify;\">\nAp\u00f3s a cerim\u00f4nia de posse da nova presidente do PSL mulher na cidade , os organizadores da campanha de Bolsonaro far\u00e3o um ato em frente ao comit\u00ea central.<\/p>\n<\/div>\n","protected":false},"excerpt":{"rendered":"<p>Nesta quinta-feira (25), toma posse do cargo de presidente do PSL mulher Caruaru, a empres\u00e1ria Sandra Varela. A cerim\u00f4nia ser\u00e1&hellip;<\/p>\n","protected":false},"author":1,"featured_media":0,"comment_status":"open","ping_status":"open","sticky":false,"template":"","format":"standard","meta":{"footnotes":""},"categories":[1],"tags":[2,20,852],"class_list":["post-902","post","type-post","status-publish","format-standard","hentry","category-sem-categoria","tag-blog-do-edvaldo-magalhaes","tag-politica","tag-presidente-do-psl-mulher-caruaru-toma-posse-nesta-quinta-25"],"_links":{"self":[{"href":"https:\/\/blogdoedvaldomagalhaes.com.br\/index.php\/wp-json\/wp\/v2\/posts\/902","targetHints":{"allow":["GET"]}}],"collection":[{"href":"https:\/\/blogdoedvaldomagalhaes.com.br\/index.php\/wp-json\/wp\/v2\/posts"}],"about":[{"href":"https:\/\/blogdoedvaldomagalhaes.com.br\/index.php\/wp-json\/wp\/v2\/types\/post"}],"author":[{"embeddable":true,"href":"https:\/\/blogdoedvaldomagalhaes.com.br\/index.php\/wp-json\/wp\/v2\/users\/1"}],"replies":[{"embeddable":true,"href":"https:\/\/blogdoedvaldomagalhaes.com.br\/index.php\/wp-json\/wp\/v2\/comments?post=902"}],"version-history":[{"count":1,"href":"https:\/\/blogdoedvaldomagalhaes.com.br\/index.php\/wp-json\/wp\/v2\/posts\/902\/revisions"}],"predecessor-version":[{"id":35244,"href":"https:\/\/blogdoedvaldomagalhaes.com.br\/index.php\/wp-json\/wp\/v2\/posts\/902\/revisions\/35244"}],"wp:attachment":[{"href":"https:\/\/blogdoedvaldomagalhaes.com.br\/index.php\/wp-json\/wp\/v2\/media?parent=902"}],"wp:term":[{"taxonomy":"category","embeddable":true,"href":"https:\/\/blogdoedvaldomagalhaes.com.br\/index.php\/wp-json\/wp\/v2\/categories?post=902"},{"taxonomy":"post_tag","embeddable":true,"href":"https:\/\/blogdoedvaldomagalhaes.com.br\/index.php\/wp-json\/wp\/v2\/tags?post=902"}],"curies":[{"name":"wp","href":"https:\/\/api.w.org\/{rel}","templated":true}]}}