{"id":90199,"date":"2022-11-24T14:56:41","date_gmt":"2022-11-24T17:56:41","guid":{"rendered":"https:\/\/blogdoedvaldomagalhaes.com.br\/?p=90199"},"modified":"2022-11-24T15:00:02","modified_gmt":"2022-11-24T18:00:02","slug":"jorge-quintino-se-reune-com-secretaria-de-educacao-de-caruaru-para-encaminhar-demandas-solicitadas-pela-populacao","status":"publish","type":"post","link":"https:\/\/blogdoedvaldomagalhaes.com.br\/index.php\/2022\/11\/24\/jorge-quintino-se-reune-com-secretaria-de-educacao-de-caruaru-para-encaminhar-demandas-solicitadas-pela-populacao\/","title":{"rendered":"Jorge Quintino se re\u00fane com Secret\u00e1ria de Educa\u00e7\u00e3o de Caruaru para encaminhar demandas solicitadas pela popula\u00e7\u00e3o"},"content":{"rendered":"<p style=\"text-align: justify;\"><span style=\"color: initial; font-size: revert;\">Na tarde da quarta-feira (23), o vereador Jorge Quintino (SD) se reuniu com a Secret\u00e1ria de Educa\u00e7\u00e3o de Caruaru, Aline Tib\u00farcio.<\/span><\/p>\n<p style=\"text-align: justify;\">Durante a conversa, Jorge Quintino, enquanto Presidente da Comiss\u00e3o de Educa\u00e7\u00e3o da C\u00e2mara de Vereadores, conduziu algumas pautas levantadas pela popula\u00e7\u00e3o, referente a firmamentos, alimenta\u00e7\u00e3o, transporte e calend\u00e1rio escolar, entre outras demandas educacionais.<\/p>\n<p style=\"text-align: justify;\">\u201c\u00c9 de extrema import\u00e2ncia que exista esse di\u00e1logo direto com os setores respons\u00e1veis, para que assim, possamos encaminhar as demandas solicitadas pela popula\u00e7\u00e3o. Em conversa com Aline Tib\u00farcio, tenho a convic\u00e7\u00e3o que todas os anseios e pautas conversadas ter\u00e3o solu\u00e7\u00e3o\u201d, destacou Jorge Quintino.<\/p>\n<p style=\"text-align: justify;\">Vale ressaltar que o vereador est\u00e1 em constante di\u00e1logo com o Poder Executivo e suas respectivas secretarias, para encaminhar todas as solicita\u00e7\u00f5es levantadas pelo povo caruaruense. Foto: Divulga\u00e7\u00e3o.<\/p>\n<p style=\"text-align: justify;\">Siga o Instagram do Blog @blogdoedvaldomagalhaes<\/p>\n","protected":false},"excerpt":{"rendered":"<p>Na tarde da quarta-feira (23), o vereador Jorge Quintino (SD) se reuniu com a Secret\u00e1ria de Educa\u00e7\u00e3o de Caruaru, Aline&hellip;<\/p>\n","protected":false},"author":1,"featured_media":90201,"comment_status":"closed","ping_status":"open","sticky":false,"template":"","format":"standard","meta":{"footnotes":""},"categories":[14122],"tags":[2,19532,3406,26137,20],"class_list":["post-90199","post","type-post","status-publish","format-standard","has-post-thumbnail","hentry","category-politica","tag-blog-do-edvaldo-magalhaes","tag-blog-mais-acessado-e-visualizado-de-caruaru-e-regiao","tag-caruaru","tag-jorge-quintino-se-reune-com-secretaria-de-educacao-de-caruaru-para-encaminhar-demandas-solicitadas-pela-populacao","tag-politica"],"_links":{"self":[{"href":"https:\/\/blogdoedvaldomagalhaes.com.br\/index.php\/wp-json\/wp\/v2\/posts\/90199","targetHints":{"allow":["GET"]}}],"collection":[{"href":"https:\/\/blogdoedvaldomagalhaes.com.br\/index.php\/wp-json\/wp\/v2\/posts"}],"about":[{"href":"https:\/\/blogdoedvaldomagalhaes.com.br\/index.php\/wp-json\/wp\/v2\/types\/post"}],"author":[{"embeddable":true,"href":"https:\/\/blogdoedvaldomagalhaes.com.br\/index.php\/wp-json\/wp\/v2\/users\/1"}],"replies":[{"embeddable":true,"href":"https:\/\/blogdoedvaldomagalhaes.com.br\/index.php\/wp-json\/wp\/v2\/comments?post=90199"}],"version-history":[{"count":1,"href":"https:\/\/blogdoedvaldomagalhaes.com.br\/index.php\/wp-json\/wp\/v2\/posts\/90199\/revisions"}],"predecessor-version":[{"id":90200,"href":"https:\/\/blogdoedvaldomagalhaes.com.br\/index.php\/wp-json\/wp\/v2\/posts\/90199\/revisions\/90200"}],"wp:featuredmedia":[{"embeddable":true,"href":"https:\/\/blogdoedvaldomagalhaes.com.br\/index.php\/wp-json\/wp\/v2\/media\/90201"}],"wp:attachment":[{"href":"https:\/\/blogdoedvaldomagalhaes.com.br\/index.php\/wp-json\/wp\/v2\/media?parent=90199"}],"wp:term":[{"taxonomy":"category","embeddable":true,"href":"https:\/\/blogdoedvaldomagalhaes.com.br\/index.php\/wp-json\/wp\/v2\/categories?post=90199"},{"taxonomy":"post_tag","embeddable":true,"href":"https:\/\/blogdoedvaldomagalhaes.com.br\/index.php\/wp-json\/wp\/v2\/tags?post=90199"}],"curies":[{"name":"wp","href":"https:\/\/api.w.org\/{rel}","templated":true}]}}