{"id":90187,"date":"2022-11-23T23:53:02","date_gmt":"2022-11-24T02:53:02","guid":{"rendered":"https:\/\/blogdoedvaldomagalhaes.com.br\/?p=90187"},"modified":"2022-11-23T23:53:04","modified_gmt":"2022-11-24T02:53:04","slug":"jorge-quintino-apresentara-anteprojeto-sobre-a-concessao-de-desconto-de-30-no-pagamento-de-iptu-aos-prestadores-de-servico-voluntario","status":"publish","type":"post","link":"https:\/\/blogdoedvaldomagalhaes.com.br\/index.php\/2022\/11\/23\/jorge-quintino-apresentara-anteprojeto-sobre-a-concessao-de-desconto-de-30-no-pagamento-de-iptu-aos-prestadores-de-servico-voluntario\/","title":{"rendered":"Jorge Quintino apresentar\u00e1 Anteprojeto sobre a concess\u00e3o de desconto de 30% no pagamento de IPTU aos Prestadores de Servi\u00e7o Volunt\u00e1rio"},"content":{"rendered":"<p style=\"text-align: justify;\"><span style=\"color: initial; font-size: revert;\">Devido a estreia da sele\u00e7\u00e3o brasileira na Copa do Mundo, a sess\u00e3o legislativa desta quinta (24) ser\u00e1 realizada a partir das 9h. Durante o momento, o vereador Jorge Quintino (SD) destacar\u00e1 um Anteprojeto de sua autoria, sobre a concess\u00e3o de desconto de 30% no pagamento de IPTU aos Prestadores de Servi\u00e7o Volunt\u00e1rio.<\/span><\/p>\n<p style=\"text-align: justify;\">\u00c9 importante ressaltar que o volunt\u00e1rio presta um servi\u00e7o sem qualquer remunera\u00e7\u00e3o, como forma de participa\u00e7\u00e3o ativa na vida da comunidade, al\u00e9m de contribuir efetivamente para dar respostas aos principais desafios da sociedade.<\/p>\n<p style=\"text-align: justify;\">\u201cOs objetivos desta lei, s\u00e3o para que, na Cidade de Caruaru, se promova, valorize e incentive o trabalho volunt\u00e1rio a fim de aumentar a conting\u00eancia de volunt\u00e1rios nas organiza\u00e7\u00f5es sociais humanit\u00e1rias, ampliando a capacidade de atendimento, fornecendo ajuda administrativa, assistencial, promocional, profissionalizante, educacional, preventiva nas \u00e1reas da sa\u00fade e organizacional\u201d finaliza o vereador. Foto: Divulga\u00e7\u00e3o.<\/p>\n<p style=\"text-align: justify;\">Siga o Instagram do Blog @blogdoedvaldomagalhaes<\/p>\n","protected":false},"excerpt":{"rendered":"<p>Devido a estreia da sele\u00e7\u00e3o brasileira na Copa do Mundo, a sess\u00e3o legislativa desta quinta (24) ser\u00e1 realizada a partir&hellip;<\/p>\n","protected":false},"author":1,"featured_media":90188,"comment_status":"closed","ping_status":"open","sticky":false,"template":"","format":"standard","meta":{"footnotes":""},"categories":[14122],"tags":[2,19532,3406,26135,20],"class_list":["post-90187","post","type-post","status-publish","format-standard","has-post-thumbnail","hentry","category-politica","tag-blog-do-edvaldo-magalhaes","tag-blog-mais-acessado-e-visualizado-de-caruaru-e-regiao","tag-caruaru","tag-jorge-quintino-apresentara-anteprojeto-sobre-a-concessao-de-desconto-de-30-no-pagamento-de-iptu-aos-prestadores-de-servico-voluntario","tag-politica"],"_links":{"self":[{"href":"https:\/\/blogdoedvaldomagalhaes.com.br\/index.php\/wp-json\/wp\/v2\/posts\/90187","targetHints":{"allow":["GET"]}}],"collection":[{"href":"https:\/\/blogdoedvaldomagalhaes.com.br\/index.php\/wp-json\/wp\/v2\/posts"}],"about":[{"href":"https:\/\/blogdoedvaldomagalhaes.com.br\/index.php\/wp-json\/wp\/v2\/types\/post"}],"author":[{"embeddable":true,"href":"https:\/\/blogdoedvaldomagalhaes.com.br\/index.php\/wp-json\/wp\/v2\/users\/1"}],"replies":[{"embeddable":true,"href":"https:\/\/blogdoedvaldomagalhaes.com.br\/index.php\/wp-json\/wp\/v2\/comments?post=90187"}],"version-history":[{"count":1,"href":"https:\/\/blogdoedvaldomagalhaes.com.br\/index.php\/wp-json\/wp\/v2\/posts\/90187\/revisions"}],"predecessor-version":[{"id":90189,"href":"https:\/\/blogdoedvaldomagalhaes.com.br\/index.php\/wp-json\/wp\/v2\/posts\/90187\/revisions\/90189"}],"wp:featuredmedia":[{"embeddable":true,"href":"https:\/\/blogdoedvaldomagalhaes.com.br\/index.php\/wp-json\/wp\/v2\/media\/90188"}],"wp:attachment":[{"href":"https:\/\/blogdoedvaldomagalhaes.com.br\/index.php\/wp-json\/wp\/v2\/media?parent=90187"}],"wp:term":[{"taxonomy":"category","embeddable":true,"href":"https:\/\/blogdoedvaldomagalhaes.com.br\/index.php\/wp-json\/wp\/v2\/categories?post=90187"},{"taxonomy":"post_tag","embeddable":true,"href":"https:\/\/blogdoedvaldomagalhaes.com.br\/index.php\/wp-json\/wp\/v2\/tags?post=90187"}],"curies":[{"name":"wp","href":"https:\/\/api.w.org\/{rel}","templated":true}]}}