{"id":90184,"date":"2022-11-23T23:36:09","date_gmt":"2022-11-24T02:36:09","guid":{"rendered":"https:\/\/blogdoedvaldomagalhaes.com.br\/?p=90184"},"modified":"2022-11-23T23:36:11","modified_gmt":"2022-11-24T02:36:11","slug":"morre-dora-chaves-uma-das-fundadoras-do-grupo-gdac","status":"publish","type":"post","link":"https:\/\/blogdoedvaldomagalhaes.com.br\/index.php\/2022\/11\/23\/morre-dora-chaves-uma-das-fundadoras-do-grupo-gdac\/","title":{"rendered":"Morre Dora Chaves uma das fundadoras do Grupo GDAC"},"content":{"rendered":"<p style=\"text-align: justify;\">O Blog do Edvaldo Magalh\u00e3es divulga com pesar o falecimento de Dora Chaves, aos 77 anos de idade, ocorrido em uma UPA, v\u00edtima de um Acidente Vascular Cerebral (AVC), na noite desta quarta-feira (23). Dora \u00e9 natural de Primavera, nasceu em 06 de mar\u00e7o de 1945, e residia em Caruaru h\u00e1 v\u00e1rios anos, sendo uma das fundadoras do Grupo GDAC.<\/p>\n<p style=\"text-align: justify;\">O corpo ser\u00e1 levado para o vel\u00f3rio Dom Bosco, e o sepultamento ser\u00e1 \u00e0s 10h da manh\u00e3 desta quinta-feira (24), no Cemit\u00e9rio Dom Bosco. Foto: Reprodu\u00e7\u00e3o\/Redes Sociais.<\/p>\n","protected":false},"excerpt":{"rendered":"<p>O Blog do Edvaldo Magalh\u00e3es divulga com pesar o falecimento de Dora Chaves, aos 77 anos de idade, ocorrido em&hellip;<\/p>\n","protected":false},"author":1,"featured_media":90185,"comment_status":"closed","ping_status":"open","sticky":false,"template":"","format":"standard","meta":{"footnotes":""},"categories":[14120],"tags":[2,19532,3406,26134],"class_list":["post-90184","post","type-post","status-publish","format-standard","has-post-thumbnail","hentry","category-noticias","tag-blog-do-edvaldo-magalhaes","tag-blog-mais-acessado-e-visualizado-de-caruaru-e-regiao","tag-caruaru","tag-morre-dora-chaves-uma-das-fundadoras-do-grupo-gdac"],"_links":{"self":[{"href":"https:\/\/blogdoedvaldomagalhaes.com.br\/index.php\/wp-json\/wp\/v2\/posts\/90184","targetHints":{"allow":["GET"]}}],"collection":[{"href":"https:\/\/blogdoedvaldomagalhaes.com.br\/index.php\/wp-json\/wp\/v2\/posts"}],"about":[{"href":"https:\/\/blogdoedvaldomagalhaes.com.br\/index.php\/wp-json\/wp\/v2\/types\/post"}],"author":[{"embeddable":true,"href":"https:\/\/blogdoedvaldomagalhaes.com.br\/index.php\/wp-json\/wp\/v2\/users\/1"}],"replies":[{"embeddable":true,"href":"https:\/\/blogdoedvaldomagalhaes.com.br\/index.php\/wp-json\/wp\/v2\/comments?post=90184"}],"version-history":[{"count":1,"href":"https:\/\/blogdoedvaldomagalhaes.com.br\/index.php\/wp-json\/wp\/v2\/posts\/90184\/revisions"}],"predecessor-version":[{"id":90186,"href":"https:\/\/blogdoedvaldomagalhaes.com.br\/index.php\/wp-json\/wp\/v2\/posts\/90184\/revisions\/90186"}],"wp:featuredmedia":[{"embeddable":true,"href":"https:\/\/blogdoedvaldomagalhaes.com.br\/index.php\/wp-json\/wp\/v2\/media\/90185"}],"wp:attachment":[{"href":"https:\/\/blogdoedvaldomagalhaes.com.br\/index.php\/wp-json\/wp\/v2\/media?parent=90184"}],"wp:term":[{"taxonomy":"category","embeddable":true,"href":"https:\/\/blogdoedvaldomagalhaes.com.br\/index.php\/wp-json\/wp\/v2\/categories?post=90184"},{"taxonomy":"post_tag","embeddable":true,"href":"https:\/\/blogdoedvaldomagalhaes.com.br\/index.php\/wp-json\/wp\/v2\/tags?post=90184"}],"curies":[{"name":"wp","href":"https:\/\/api.w.org\/{rel}","templated":true}]}}