{"id":90178,"date":"2022-11-23T20:30:13","date_gmt":"2022-11-23T23:30:13","guid":{"rendered":"https:\/\/blogdoedvaldomagalhaes.com.br\/?p=90178"},"modified":"2022-11-23T20:30:14","modified_gmt":"2022-11-23T23:30:14","slug":"motorista-e-detido-com-48-kg-de-maconha-em-caminhonete","status":"publish","type":"post","link":"https:\/\/blogdoedvaldomagalhaes.com.br\/index.php\/2022\/11\/23\/motorista-e-detido-com-48-kg-de-maconha-em-caminhonete\/","title":{"rendered":"Motorista \u00e9 detido com 48 Kg de maconha em caminhonete"},"content":{"rendered":"<p style=\"text-align: justify;\"><span style=\"font-size: revert; color: initial;\">Um motorista que transportava 48 Kg de maconha foi detido nesta quarta-feira (23), pela Pol\u00edcia Rodovi\u00e1ria Federal (PRF), na BR 101, em Jaboat\u00e3o dos Guararapes, no Grande Recife. A droga estava embalada em tabletes e era transportada no compartilhamento de carga de uma caminhonete.<\/span><\/p>\n<p style=\"text-align: justify;\">Policiais realizavam uma fiscaliza\u00e7\u00e3o no Km 11 da rodovia, pr\u00f3ximo ao trecho em obras, quando abordaram um motorista de uma caminhonete que aparentava nervosismo. Ao verificarem a ca\u00e7amba do ve\u00edculo, encontraram cinco sacos grandes com 90 tabletes da droga.<\/p>\n<p style=\"text-align: justify;\">O motorista disse que n\u00e3o sabia o que estava transportando e n\u00e3o repassou informa\u00e7\u00f5es sobre a origem da droga. Ele foi encaminhado \u00e0 Delegacia de Pol\u00edcia Federal, no Cais do Apolo, na \u00e1rea central do Recife. Foto: Divulga\u00e7\u00e3o\/PRF.<\/p>\n<p style=\"text-align: justify;\">Siga o Instagram do Blog @blogdoedvaldomagalhaes<\/p>\n","protected":false},"excerpt":{"rendered":"<p>Um motorista que transportava 48 Kg de maconha foi detido nesta quarta-feira (23), pela Pol\u00edcia Rodovi\u00e1ria Federal (PRF), na BR&hellip;<\/p>\n","protected":false},"author":1,"featured_media":90179,"comment_status":"closed","ping_status":"open","sticky":false,"template":"","format":"standard","meta":{"footnotes":""},"categories":[14121],"tags":[2,19532,3406,26132],"class_list":["post-90178","post","type-post","status-publish","format-standard","has-post-thumbnail","hentry","category-policial","tag-blog-do-edvaldo-magalhaes","tag-blog-mais-acessado-e-visualizado-de-caruaru-e-regiao","tag-caruaru","tag-motorista-e-detido-com-48-kg-de-maconha-em-caminhonete"],"_links":{"self":[{"href":"https:\/\/blogdoedvaldomagalhaes.com.br\/index.php\/wp-json\/wp\/v2\/posts\/90178","targetHints":{"allow":["GET"]}}],"collection":[{"href":"https:\/\/blogdoedvaldomagalhaes.com.br\/index.php\/wp-json\/wp\/v2\/posts"}],"about":[{"href":"https:\/\/blogdoedvaldomagalhaes.com.br\/index.php\/wp-json\/wp\/v2\/types\/post"}],"author":[{"embeddable":true,"href":"https:\/\/blogdoedvaldomagalhaes.com.br\/index.php\/wp-json\/wp\/v2\/users\/1"}],"replies":[{"embeddable":true,"href":"https:\/\/blogdoedvaldomagalhaes.com.br\/index.php\/wp-json\/wp\/v2\/comments?post=90178"}],"version-history":[{"count":1,"href":"https:\/\/blogdoedvaldomagalhaes.com.br\/index.php\/wp-json\/wp\/v2\/posts\/90178\/revisions"}],"predecessor-version":[{"id":90180,"href":"https:\/\/blogdoedvaldomagalhaes.com.br\/index.php\/wp-json\/wp\/v2\/posts\/90178\/revisions\/90180"}],"wp:featuredmedia":[{"embeddable":true,"href":"https:\/\/blogdoedvaldomagalhaes.com.br\/index.php\/wp-json\/wp\/v2\/media\/90179"}],"wp:attachment":[{"href":"https:\/\/blogdoedvaldomagalhaes.com.br\/index.php\/wp-json\/wp\/v2\/media?parent=90178"}],"wp:term":[{"taxonomy":"category","embeddable":true,"href":"https:\/\/blogdoedvaldomagalhaes.com.br\/index.php\/wp-json\/wp\/v2\/categories?post=90178"},{"taxonomy":"post_tag","embeddable":true,"href":"https:\/\/blogdoedvaldomagalhaes.com.br\/index.php\/wp-json\/wp\/v2\/tags?post=90178"}],"curies":[{"name":"wp","href":"https:\/\/api.w.org\/{rel}","templated":true}]}}