{"id":90173,"date":"2022-11-23T19:38:34","date_gmt":"2022-11-23T22:38:34","guid":{"rendered":"https:\/\/blogdoedvaldomagalhaes.com.br\/?p=90173"},"modified":"2022-11-23T19:38:36","modified_gmt":"2022-11-23T22:38:36","slug":"praca-no-bairro-sao-jose-recebe-reparos-apos-solicitacao-do-vereador-mauricio-caruaru","status":"publish","type":"post","link":"https:\/\/blogdoedvaldomagalhaes.com.br\/index.php\/2022\/11\/23\/praca-no-bairro-sao-jose-recebe-reparos-apos-solicitacao-do-vereador-mauricio-caruaru\/","title":{"rendered":"Pra\u00e7a no bairro S\u00e3o Jos\u00e9 recebe reparos, ap\u00f3s solicita\u00e7\u00e3o do vereador Maur\u00edcio Caruaru"},"content":{"rendered":"<p style=\"text-align: justify;\">A pra\u00e7a Lindaura Severina da Silva localizado bem em frente \u00e0 creche Jos\u00e9 Pinheiro dos Santos, no bairro S\u00e3o Jos\u00e9, em Caruaru, estava precisando de reparos. Moradores do bairro procuraram o vereador Maur\u00edcio Caruaru, que deu entrada na C\u00e2mara Municipal com um requerimento que foi aprovado por unanimidade, encaminhado a prefeitura e a solicita\u00e7\u00e3o foi atendida.<\/p>\n<p style=\"text-align: justify;\">&#8220;Pessoal, aqui apresento mais um servi\u00e7o realizado, fruto de requerimento nosso, onde recebemos v\u00e1rias solicita\u00e7\u00f5es dos moradores do bairro S\u00e3o Jos\u00e9, para que fossem feitos reparos na Pra\u00e7a Lindaura Severina da Silva&#8221;, afirmou Maur\u00edcio Caruaru.<\/p>\n<p style=\"text-align: justify;\">\u201cA popula\u00e7\u00e3o precisa de espa\u00e7os de lazer, com qualidade de vida. Lazer e vida saud\u00e1vel para toda comunidade. Essa pra\u00e7a \u00e9 para a fam\u00edlia, com equipamentos adequados para cada faixa et\u00e1ria, contemplando do mais novo ao mais velho\u201d, concluiu o vereador Maur\u00edcio Caruaru.<\/p>\n<p style=\"text-align: justify;\">Siga o Instagram do Blog @blogdoedvaldomagalhaes<\/p>\n\n\n<figure class=\"wp-block-image size-large\"><img loading=\"lazy\" decoding=\"async\" width=\"1024\" height=\"768\" src=\"https:\/\/blogdoedvaldomagalhaes.com.br\/wp-content\/uploads\/2022\/11\/IMG-20221123-WA0041-1024x768.jpg\" alt=\"\" class=\"wp-image-90175\" srcset=\"https:\/\/blogdoedvaldomagalhaes.com.br\/wp-content\/uploads\/2022\/11\/IMG-20221123-WA0041-1024x768.jpg 1024w, https:\/\/blogdoedvaldomagalhaes.com.br\/wp-content\/uploads\/2022\/11\/IMG-20221123-WA0041-300x225.jpg 300w, https:\/\/blogdoedvaldomagalhaes.com.br\/wp-content\/uploads\/2022\/11\/IMG-20221123-WA0041-768x576.jpg 768w, https:\/\/blogdoedvaldomagalhaes.com.br\/wp-content\/uploads\/2022\/11\/IMG-20221123-WA0041-160x120.jpg 160w, https:\/\/blogdoedvaldomagalhaes.com.br\/wp-content\/uploads\/2022\/11\/IMG-20221123-WA0041.jpg 1280w\" sizes=\"auto, (max-width: 1024px) 100vw, 1024px\" \/><\/figure>\n\n\n\n<figure class=\"wp-block-image size-large\"><img loading=\"lazy\" decoding=\"async\" width=\"1024\" height=\"768\" src=\"https:\/\/blogdoedvaldomagalhaes.com.br\/wp-content\/uploads\/2022\/11\/IMG-20221123-WA0042-1024x768.jpg\" alt=\"\" class=\"wp-image-90176\" srcset=\"https:\/\/blogdoedvaldomagalhaes.com.br\/wp-content\/uploads\/2022\/11\/IMG-20221123-WA0042-1024x768.jpg 1024w, https:\/\/blogdoedvaldomagalhaes.com.br\/wp-content\/uploads\/2022\/11\/IMG-20221123-WA0042-300x225.jpg 300w, https:\/\/blogdoedvaldomagalhaes.com.br\/wp-content\/uploads\/2022\/11\/IMG-20221123-WA0042-768x576.jpg 768w, https:\/\/blogdoedvaldomagalhaes.com.br\/wp-content\/uploads\/2022\/11\/IMG-20221123-WA0042-160x120.jpg 160w, https:\/\/blogdoedvaldomagalhaes.com.br\/wp-content\/uploads\/2022\/11\/IMG-20221123-WA0042.jpg 1280w\" sizes=\"auto, (max-width: 1024px) 100vw, 1024px\" \/><figcaption>Fotos: Divulga\u00e7\u00e3o<\/figcaption><\/figure>\n","protected":false},"excerpt":{"rendered":"<p>A pra\u00e7a Lindaura Severina da Silva localizado bem em frente \u00e0 creche Jos\u00e9 Pinheiro dos Santos, no bairro S\u00e3o Jos\u00e9,&hellip;<\/p>\n","protected":false},"author":1,"featured_media":90174,"comment_status":"closed","ping_status":"open","sticky":false,"template":"","format":"standard","meta":{"footnotes":""},"categories":[14122],"tags":[2,19532,3406,26131],"class_list":["post-90173","post","type-post","status-publish","format-standard","has-post-thumbnail","hentry","category-politica","tag-blog-do-edvaldo-magalhaes","tag-blog-mais-acessado-e-visualizado-de-caruaru-e-regiao","tag-caruaru","tag-praca-no-bairro-sao-jose-recebe-reparos-apos-solicitacao-do-vereador-mauricio-caruaru"],"_links":{"self":[{"href":"https:\/\/blogdoedvaldomagalhaes.com.br\/index.php\/wp-json\/wp\/v2\/posts\/90173","targetHints":{"allow":["GET"]}}],"collection":[{"href":"https:\/\/blogdoedvaldomagalhaes.com.br\/index.php\/wp-json\/wp\/v2\/posts"}],"about":[{"href":"https:\/\/blogdoedvaldomagalhaes.com.br\/index.php\/wp-json\/wp\/v2\/types\/post"}],"author":[{"embeddable":true,"href":"https:\/\/blogdoedvaldomagalhaes.com.br\/index.php\/wp-json\/wp\/v2\/users\/1"}],"replies":[{"embeddable":true,"href":"https:\/\/blogdoedvaldomagalhaes.com.br\/index.php\/wp-json\/wp\/v2\/comments?post=90173"}],"version-history":[{"count":1,"href":"https:\/\/blogdoedvaldomagalhaes.com.br\/index.php\/wp-json\/wp\/v2\/posts\/90173\/revisions"}],"predecessor-version":[{"id":90177,"href":"https:\/\/blogdoedvaldomagalhaes.com.br\/index.php\/wp-json\/wp\/v2\/posts\/90173\/revisions\/90177"}],"wp:featuredmedia":[{"embeddable":true,"href":"https:\/\/blogdoedvaldomagalhaes.com.br\/index.php\/wp-json\/wp\/v2\/media\/90174"}],"wp:attachment":[{"href":"https:\/\/blogdoedvaldomagalhaes.com.br\/index.php\/wp-json\/wp\/v2\/media?parent=90173"}],"wp:term":[{"taxonomy":"category","embeddable":true,"href":"https:\/\/blogdoedvaldomagalhaes.com.br\/index.php\/wp-json\/wp\/v2\/categories?post=90173"},{"taxonomy":"post_tag","embeddable":true,"href":"https:\/\/blogdoedvaldomagalhaes.com.br\/index.php\/wp-json\/wp\/v2\/tags?post=90173"}],"curies":[{"name":"wp","href":"https:\/\/api.w.org\/{rel}","templated":true}]}}