{"id":90171,"date":"2022-11-23T18:35:42","date_gmt":"2022-11-23T21:35:42","guid":{"rendered":"https:\/\/blogdoedvaldomagalhaes.com.br\/?p=90171"},"modified":"2022-11-23T18:35:44","modified_gmt":"2022-11-23T21:35:44","slug":"prefeitura-de-caruaru-funciona-em-horarios-especiais-durante-os-jogos-do-brasil-confira","status":"publish","type":"post","link":"https:\/\/blogdoedvaldomagalhaes.com.br\/index.php\/2022\/11\/23\/prefeitura-de-caruaru-funciona-em-horarios-especiais-durante-os-jogos-do-brasil-confira\/","title":{"rendered":"Prefeitura de Caruaru funciona em hor\u00e1rios especiais durante os jogos do Brasil; Confira"},"content":{"rendered":"<p style=\"text-align: justify;\"><span style=\"color: initial; font-size: revert;\">Em virtude dos jogos da Sele\u00e7\u00e3o Brasileira de Futebol na Copa do Mundo FIFA 2022, no Qatar, o expediente administrativo da Prefeitura de Caruaru acontecer\u00e1 em hor\u00e1rio especial. A regulamenta\u00e7\u00e3o fui publicada na portaria da Secretaria de Administra\u00e7\u00e3o (SAD) de n\u00ba 256, de 19 de setembro de 2022, no Di\u00e1rio Oficial do munic\u00edpio. O regulamento ainda prev\u00ea que nos dias das partidas, apenas os servi\u00e7os essenciais ser\u00e3o oferecidos em hor\u00e1rio integral.<\/span><\/p>\n<p style=\"text-align: justify;\">Nesta quinta-feira (24), quando o Brasil enfrenta a S\u00e9rvia \u00e0s 16h, os pr\u00e9dios p\u00fablicos municipais funcionar\u00e3o das 8h \u00e0s 14h. J\u00e1 no pr\u00f3ximo dia 28 deste m\u00eas, quando o Brasil entra em campo contra a Su\u00ed\u00e7a, \u00e0s 13h, o expediente municipal ser\u00e1 das 8h \u00e0s 12h. No dia dois de dezembro, o Brasil joga contra Camar\u00f5es, \u00e0s 16h, e o hor\u00e1rio de funcionamento ser\u00e1 das 08h \u00e0s 14h.<\/p>\n<p style=\"text-align: justify;\">Confira abaixo as atividades das secretarias em atua\u00e7\u00e3o, bem como os hor\u00e1rios de funcionamento de alguns espa\u00e7os p\u00fablicos durante os jogos da sele\u00e7\u00e3o brasileira.<\/p>\n<p style=\"text-align: justify;\">*Sa\u00fade:* Hospitais, Unidades de Pronto Atendimento (UPA), Samu e o Centro Municipal de Testagem estar\u00e3o funcionando normalmente. J\u00e1 a vacina\u00e7\u00e3o, os servi\u00e7os ambulatoriais como os Ambulat\u00f3rios M\u00e9dicos Especializados (AME), as Unidades B\u00e1sicas de Sa\u00fade (UBS) e os Centros de Sa\u00fade (CS) funcionar\u00e3o das 8h \u00e0s 14h, no dia 24 de novembro. Das 8h \u00e0s 12h, no dia 28 de novembro e, das 8h \u00e0s 14h, no dia 02 de dezembro.<\/p>\n<p style=\"text-align: justify;\">*Secretaria de Servi\u00e7os P\u00fablicos e Sustentabilidade:* Os parques urbanos funcionar\u00e3o das 6h \u00e0s 19h. Bem como, o Parque Natural Professor Jo\u00e3o Vasconcelos Sobrinho (Serra dos Cavalos), das 7h \u00e0s 16h. J\u00e1 a coleta de lixo, as manuten\u00e7\u00f5es de ilumina\u00e7\u00e3o p\u00fablica e a limpeza do Rio Ipojuca acontecer\u00e3o normalmente.<\/p>\n<p style=\"text-align: justify;\">*Secretaria de Desenvolvimento Social e Direitos Humanos:* Plant\u00e3o do aux\u00edlio funeral pelos telefones (81) 9.8384-2410 e (81) 9.8384-3756. Tamb\u00e9m funciona normalmente o atendimento \u00e0 popula\u00e7\u00e3o em situa\u00e7\u00e3o de rua no Acolhimento Adulto, que fica na Rua Alferes Jorge, no bairro Indian\u00f3polis.<\/p>\n<p style=\"text-align: justify;\">*Ceaca:* Feira acontece normalmente, com o com\u00e9rcio aberto a partir das 4h, encerrando \u00e0s 12h. O setor administrativo funciona at\u00e9 \u00e0s 12h.<\/p>\n<p style=\"text-align: justify;\">*Secretaria de Pol\u00edtica para Mulheres:* Plant\u00e3o do Centro de Refer\u00eancia da Mulher Maria Bonita (acolhimento de mulheres v\u00edtimas de viol\u00eancia) pelo telefone (81) 9.8384-4310.<\/p>\n<p style=\"text-align: justify;\">*Monte do Bom Jesus:* Funcionamento do Centro de Informa\u00e7\u00e3o ao Turista (CAT) e banheiros funcionam normalmente, das 8h \u00e0s 22h.<\/p>\n<p style=\"text-align: justify;\">*Via Parque:* Funcionamento das 6h \u00e0s 22h..<\/p>\n<p style=\"text-align: justify;\">Foto: Prefeitura de Caruaru.<\/p>\n<p style=\"text-align: justify;\">Siga o Instagram do Blog @blogdoedvaldomagalhaes<\/p>\n","protected":false},"excerpt":{"rendered":"<p>Em virtude dos jogos da Sele\u00e7\u00e3o Brasileira de Futebol na Copa do Mundo FIFA 2022, no Qatar, o expediente administrativo&hellip;<\/p>\n","protected":false},"author":1,"featured_media":17802,"comment_status":"closed","ping_status":"open","sticky":false,"template":"","format":"standard","meta":{"footnotes":""},"categories":[14120],"tags":[2,19532,3406,26130],"class_list":["post-90171","post","type-post","status-publish","format-standard","has-post-thumbnail","hentry","category-noticias","tag-blog-do-edvaldo-magalhaes","tag-blog-mais-acessado-e-visualizado-de-caruaru-e-regiao","tag-caruaru","tag-prefeitura-de-caruaru-funciona-em-horarios-especiais-durante-os-jogos-do-brasil-confira"],"_links":{"self":[{"href":"https:\/\/blogdoedvaldomagalhaes.com.br\/index.php\/wp-json\/wp\/v2\/posts\/90171","targetHints":{"allow":["GET"]}}],"collection":[{"href":"https:\/\/blogdoedvaldomagalhaes.com.br\/index.php\/wp-json\/wp\/v2\/posts"}],"about":[{"href":"https:\/\/blogdoedvaldomagalhaes.com.br\/index.php\/wp-json\/wp\/v2\/types\/post"}],"author":[{"embeddable":true,"href":"https:\/\/blogdoedvaldomagalhaes.com.br\/index.php\/wp-json\/wp\/v2\/users\/1"}],"replies":[{"embeddable":true,"href":"https:\/\/blogdoedvaldomagalhaes.com.br\/index.php\/wp-json\/wp\/v2\/comments?post=90171"}],"version-history":[{"count":1,"href":"https:\/\/blogdoedvaldomagalhaes.com.br\/index.php\/wp-json\/wp\/v2\/posts\/90171\/revisions"}],"predecessor-version":[{"id":90172,"href":"https:\/\/blogdoedvaldomagalhaes.com.br\/index.php\/wp-json\/wp\/v2\/posts\/90171\/revisions\/90172"}],"wp:featuredmedia":[{"embeddable":true,"href":"https:\/\/blogdoedvaldomagalhaes.com.br\/index.php\/wp-json\/wp\/v2\/media\/17802"}],"wp:attachment":[{"href":"https:\/\/blogdoedvaldomagalhaes.com.br\/index.php\/wp-json\/wp\/v2\/media?parent=90171"}],"wp:term":[{"taxonomy":"category","embeddable":true,"href":"https:\/\/blogdoedvaldomagalhaes.com.br\/index.php\/wp-json\/wp\/v2\/categories?post=90171"},{"taxonomy":"post_tag","embeddable":true,"href":"https:\/\/blogdoedvaldomagalhaes.com.br\/index.php\/wp-json\/wp\/v2\/tags?post=90171"}],"curies":[{"name":"wp","href":"https:\/\/api.w.org\/{rel}","templated":true}]}}