{"id":90168,"date":"2022-11-23T18:19:10","date_gmt":"2022-11-23T21:19:10","guid":{"rendered":"https:\/\/blogdoedvaldomagalhaes.com.br\/?p=90168"},"modified":"2022-11-23T18:19:11","modified_gmt":"2022-11-23T21:19:11","slug":"caruaru-realiza-vacinacao-antirrabica-e-primeiro-dia-da-campanha-acontece-sabado-26","status":"publish","type":"post","link":"https:\/\/blogdoedvaldomagalhaes.com.br\/index.php\/2022\/11\/23\/caruaru-realiza-vacinacao-antirrabica-e-primeiro-dia-da-campanha-acontece-sabado-26\/","title":{"rendered":"Caruaru realiza vacina\u00e7\u00e3o antirr\u00e1bica e primeiro dia da campanha acontece s\u00e1bado\u00a0(26)"},"content":{"rendered":"<p style=\"text-align: justify;\"><span style=\"color: initial; font-size: revert;\">No dia 26 de novembro tem in\u00edcio a primeira etapa da vacina\u00e7\u00e3o antirr\u00e1bica, que previne o surgimento da raiva nos pets. A raiva \u00e9 uma doen\u00e7a viral e infecciosa, transmiss\u00edvel de animal para animal e de animal para o homem. A transmiss\u00e3o da raiva se d\u00e1 pela saliva do animal infectado, principalmente pela mordedura, arranhadura e lambedura de mucosas.<\/span><\/p>\n<p style=\"text-align: justify;\">A vacina\u00e7\u00e3o \u00e9 gratuita e protege os animais contra a doen\u00e7a, que \u00e9 fatal. O objetivo da campanha \u00e9 controlar a circula\u00e7\u00e3o do v\u00edrus da raiva canina e felina, prevenindo a raiva humana. Em Caruaru, a vacina\u00e7\u00e3o acontece nos dias 26 de novembro e 3 de dezembro, das 8h \u00e0s 17h.<\/p>\n<p style=\"text-align: justify;\">No dia 26 de novembro a vacina\u00e7\u00e3o acontece nos seguintes locais: UBS Residencial Xique-Xique, UBS Academia da Cidade &#8211; Jos\u00e9 Carlos de Oliveria, UBS Dem\u00f3stenes Veras (FUNASE), Escola Tereza Neuma &#8211; Maria Auxiliadora, Centro Sa\u00fade Boa Vista I, UBS Jo\u00e3o Mota, Escola Deputada Cristina Tavares &#8211; Pe. In\u00e1cio, UBS Vila Kennedy I, Escola Santo Amaro &#8211; Kennedy, UBS Caiuc\u00e1 II, UBS Caiuc\u00e1 I, sede da Prefeitura de Caruaru &#8211; \u00c1rea externa, Col\u00e9gio Prof. Vicente Monteiro &#8211; Centro, Escola Dom Vital &#8211; Divin\u00f3polis, UBS Centen\u00e1rio, Centro Sa\u00fade Ana Rodrigues &#8211; S\u00e3o Francisco,<br \/>\nCol\u00e9gio Ant\u00f4nia Cavalcanti &#8211; S\u00e3o Francisco, Pra\u00e7a Residencial Nina Liberato, Associa\u00e7\u00e3o dos Moradores do Alto do Moura, UBS Alto do Moura, UBS Caj\u00e1, USB Residencial Luiz Bezerra Torres, UBS Residencial Alto do Moura<br \/>\nParque Ambiental Bara\u00fanas &#8211; Luiz Gonzaga, UBS Nova Caruaru, UBS Severino Afonso, CMEI Prof. Lindomar Pinheiro &#8211; Residencial Bara\u00fanas, UBS Panorama e Col\u00e9gio Municipal \u00c1lvaro Lins &#8211; Maur\u00edcio de Nassau.<\/p>\n<p style=\"text-align: justify;\">J\u00e1 no dia 3 de dezembro \u00e9 a vez dos locais: UBS I-III-IV S\u00e3o Jo\u00e3o da Esc\u00f3cia, Escola Jesuina P. Rego &#8211; S\u00e3o Jo\u00e3o da Esc\u00f3cia, IV GERES &#8211; Salgado, CMEI Ivanise Flora Ara\u00fajo- Salgado, UBS Sinhazinha I e II &#8211; Salgado Col\u00e9gio Prof. Jos\u00e9 Bione &#8211; Salgado, Centro de Sa\u00fade do Cedro, Rua Santo Adriano (Tenda) Morada Nova, CMEI Jos\u00e9 Pinheiro dos S. Filho &#8211; S\u00e3o Jos\u00e9, Associa\u00e7\u00e3o dos Moradores (Casar\u00e3o) &#8211; Rendeiras, Escola Pedro de Sousa &#8211; Petr\u00f3polis, Col\u00e9gio Prof. kerm\u00f3genes &#8211; Vassoural, Col\u00e9gio Felisberto de Carvalho &#8211; Vassoural, Escola Luiz Pessoa &#8211; Vassoural, Escola Profa Rosilda Maciel -Agamenon, Escola Gianete Silva &#8211; Jardim Liberdade, P\u00e1tio da Igreja Cat\u00f3lica (Tenda), UBS Jos\u00e9 Ant\u00f4nio Liberato, Col\u00e9gio Nicanor Souto Maior &#8211; Indian\u00f3polis, AME Indian\u00f3polis, UBS Santa Rosa II-III-IV e Escola Joel Pontes &#8211; Santa Rosa. Foto: Prefeitura de Caruaru.<\/p>\n<p style=\"text-align: justify;\">Siga o Instagram do Blog @blogdoedvaldomagalhaes<\/p>\n","protected":false},"excerpt":{"rendered":"<p>No dia 26 de novembro tem in\u00edcio a primeira etapa da vacina\u00e7\u00e3o antirr\u00e1bica, que previne o surgimento da raiva nos&hellip;<\/p>\n","protected":false},"author":1,"featured_media":90169,"comment_status":"closed","ping_status":"open","sticky":false,"template":"","format":"standard","meta":{"footnotes":""},"categories":[14120],"tags":[2,19532,3406,26129],"class_list":["post-90168","post","type-post","status-publish","format-standard","has-post-thumbnail","hentry","category-noticias","tag-blog-do-edvaldo-magalhaes","tag-blog-mais-acessado-e-visualizado-de-caruaru-e-regiao","tag-caruaru","tag-caruaru-realiza-vacinacao-antirrabica-e-primeiro-dia-da-campanha-acontece-sabado-26"],"_links":{"self":[{"href":"https:\/\/blogdoedvaldomagalhaes.com.br\/index.php\/wp-json\/wp\/v2\/posts\/90168","targetHints":{"allow":["GET"]}}],"collection":[{"href":"https:\/\/blogdoedvaldomagalhaes.com.br\/index.php\/wp-json\/wp\/v2\/posts"}],"about":[{"href":"https:\/\/blogdoedvaldomagalhaes.com.br\/index.php\/wp-json\/wp\/v2\/types\/post"}],"author":[{"embeddable":true,"href":"https:\/\/blogdoedvaldomagalhaes.com.br\/index.php\/wp-json\/wp\/v2\/users\/1"}],"replies":[{"embeddable":true,"href":"https:\/\/blogdoedvaldomagalhaes.com.br\/index.php\/wp-json\/wp\/v2\/comments?post=90168"}],"version-history":[{"count":1,"href":"https:\/\/blogdoedvaldomagalhaes.com.br\/index.php\/wp-json\/wp\/v2\/posts\/90168\/revisions"}],"predecessor-version":[{"id":90170,"href":"https:\/\/blogdoedvaldomagalhaes.com.br\/index.php\/wp-json\/wp\/v2\/posts\/90168\/revisions\/90170"}],"wp:featuredmedia":[{"embeddable":true,"href":"https:\/\/blogdoedvaldomagalhaes.com.br\/index.php\/wp-json\/wp\/v2\/media\/90169"}],"wp:attachment":[{"href":"https:\/\/blogdoedvaldomagalhaes.com.br\/index.php\/wp-json\/wp\/v2\/media?parent=90168"}],"wp:term":[{"taxonomy":"category","embeddable":true,"href":"https:\/\/blogdoedvaldomagalhaes.com.br\/index.php\/wp-json\/wp\/v2\/categories?post=90168"},{"taxonomy":"post_tag","embeddable":true,"href":"https:\/\/blogdoedvaldomagalhaes.com.br\/index.php\/wp-json\/wp\/v2\/tags?post=90168"}],"curies":[{"name":"wp","href":"https:\/\/api.w.org\/{rel}","templated":true}]}}