{"id":90165,"date":"2022-11-23T17:48:08","date_gmt":"2022-11-23T20:48:08","guid":{"rendered":"https:\/\/blogdoedvaldomagalhaes.com.br\/?p=90165"},"modified":"2022-11-23T17:48:09","modified_gmt":"2022-11-23T20:48:09","slug":"vereador-cabo-cardoso-solicita-manutencao-na-estrada-entre-o-bairro-sao-jose-e-a-vila-goncalves-ferreira","status":"publish","type":"post","link":"https:\/\/blogdoedvaldomagalhaes.com.br\/index.php\/2022\/11\/23\/vereador-cabo-cardoso-solicita-manutencao-na-estrada-entre-o-bairro-sao-jose-e-a-vila-goncalves-ferreira\/","title":{"rendered":"Vereador Cabo Cardoso solicita manuten\u00e7\u00e3o na estrada entre o bairro S\u00e3o Jos\u00e9 e a Vila Gon\u00e7alves Ferreira"},"content":{"rendered":"<p style=\"text-align: justify;\">O vereador Cabo Cardoso tem desempenhado um grande trabalho em diversas \u00e1reas em Caruaru, dessa vez na infraestrutura o parlamentar pediu servi\u00e7o de terraplanagem na estrada da Vila Gon\u00e7alves Ferreira, no trecho entre o final da avenida do bairro Cedro at\u00e9 a entrada do bairro S\u00e3o Jos\u00e9. O vereador tamb\u00e9m pediu reposi\u00e7\u00e3o de cal\u00e7amento na avenida Tenente Hip\u00f3lito e pediu obras de drenagem das \u00e1guas do bairro S\u00e3o Jos\u00e9, visando melhorar a mobilidade social no local. Os moradores est\u00e3o confiantes nas atua\u00e7\u00f5es do parlamentar que tem sempre se mostrado do lado do povo. Foto: Vladimir Barreto.<\/p>\n<p style=\"text-align: justify;\">Siga o Instagram do Blog @blogdoedvaldomagalhaes<\/p>\n","protected":false},"excerpt":{"rendered":"<p>O vereador Cabo Cardoso tem desempenhado um grande trabalho em diversas \u00e1reas em Caruaru, dessa vez na infraestrutura o parlamentar&hellip;<\/p>\n","protected":false},"author":1,"featured_media":90166,"comment_status":"closed","ping_status":"open","sticky":false,"template":"","format":"standard","meta":{"footnotes":""},"categories":[14122],"tags":[2,19532,3406,20,26128],"class_list":["post-90165","post","type-post","status-publish","format-standard","has-post-thumbnail","hentry","category-politica","tag-blog-do-edvaldo-magalhaes","tag-blog-mais-acessado-e-visualizado-de-caruaru-e-regiao","tag-caruaru","tag-politica","tag-vereador-cabo-cardoso-solicita-manutencao-na-estrada-entre-o-bairro-sao-jose-e-a-vila-goncalves-ferreira"],"_links":{"self":[{"href":"https:\/\/blogdoedvaldomagalhaes.com.br\/index.php\/wp-json\/wp\/v2\/posts\/90165","targetHints":{"allow":["GET"]}}],"collection":[{"href":"https:\/\/blogdoedvaldomagalhaes.com.br\/index.php\/wp-json\/wp\/v2\/posts"}],"about":[{"href":"https:\/\/blogdoedvaldomagalhaes.com.br\/index.php\/wp-json\/wp\/v2\/types\/post"}],"author":[{"embeddable":true,"href":"https:\/\/blogdoedvaldomagalhaes.com.br\/index.php\/wp-json\/wp\/v2\/users\/1"}],"replies":[{"embeddable":true,"href":"https:\/\/blogdoedvaldomagalhaes.com.br\/index.php\/wp-json\/wp\/v2\/comments?post=90165"}],"version-history":[{"count":1,"href":"https:\/\/blogdoedvaldomagalhaes.com.br\/index.php\/wp-json\/wp\/v2\/posts\/90165\/revisions"}],"predecessor-version":[{"id":90167,"href":"https:\/\/blogdoedvaldomagalhaes.com.br\/index.php\/wp-json\/wp\/v2\/posts\/90165\/revisions\/90167"}],"wp:featuredmedia":[{"embeddable":true,"href":"https:\/\/blogdoedvaldomagalhaes.com.br\/index.php\/wp-json\/wp\/v2\/media\/90166"}],"wp:attachment":[{"href":"https:\/\/blogdoedvaldomagalhaes.com.br\/index.php\/wp-json\/wp\/v2\/media?parent=90165"}],"wp:term":[{"taxonomy":"category","embeddable":true,"href":"https:\/\/blogdoedvaldomagalhaes.com.br\/index.php\/wp-json\/wp\/v2\/categories?post=90165"},{"taxonomy":"post_tag","embeddable":true,"href":"https:\/\/blogdoedvaldomagalhaes.com.br\/index.php\/wp-json\/wp\/v2\/tags?post=90165"}],"curies":[{"name":"wp","href":"https:\/\/api.w.org\/{rel}","templated":true}]}}