{"id":90162,"date":"2022-11-23T17:17:52","date_gmt":"2022-11-23T20:17:52","guid":{"rendered":"https:\/\/blogdoedvaldomagalhaes.com.br\/?p=90162"},"modified":"2022-11-23T17:17:54","modified_gmt":"2022-11-23T20:17:54","slug":"adolescente-suspeita-de-matar-a-propria-mae-e-presa-em-caruaru","status":"publish","type":"post","link":"https:\/\/blogdoedvaldomagalhaes.com.br\/index.php\/2022\/11\/23\/adolescente-suspeita-de-matar-a-propria-mae-e-presa-em-caruaru\/","title":{"rendered":"Adolescente suspeita de matar a pr\u00f3pria m\u00e3e \u00e9 presa, em Caruaru"},"content":{"rendered":"<p style=\"text-align: justify;\">A Pol\u00edcia Civil de Pernambuco, na tarde desta quarta-feira (23.11), em a\u00e7\u00e3o da equipe da 20\u00b0 DPH de Caruaru sob o comando deu cumprimento ao mandado de Busca e apreens\u00e3o de adolescente em desfavor de adolescente do sexo feminino, autora do homicidio que vitimou TAMIRIS MARIA DA SILVA ARA\u00daJO DE MOURA, crime ocorrido no dia 22\/10\/2022, na Rua Oscar Niemayer, Vila Andorinha, em Caruaru.<\/p>\n<p style=\"text-align: justify;\"><strong>O CRIME<\/strong>: No dia dos fatos, as informa\u00e7\u00f5es iniciais seriam de que a v\u00edtima teria sido morta por elementos que teriam invadido a residencia para realizarem um roubo. Entretanto, as investiga\u00e7\u00f5es evoluiram e apontaram que o crime foi cometido pela filha da v\u00edtima, menor de idade, unica pessoa que estava na residencia no momento do suposto roubo. Durante o per\u00edodo da investiga\u00e7\u00e3o, restou comprovado que o crime teria sido motivado em raz\u00e3o da desaprova\u00e7\u00e3o da v\u00edtima com um relacionamento amoroso vivido pela autora. Segundo consta, a menor teria ainda sido submetida a um aborto em raz\u00e3o de gravidez indesejada pela familia. A vitima teria sido a principal incentivadora do fato.<\/p>\n<p style=\"text-align: justify;\">Durante a investiga\u00e7\u00e3o, foram ouvidas diversas testemunhas, recolhido documentos, bem como realizadas per\u00edcias que demonstraram a autoria e motiva\u00e7\u00e3o do crime.<br \/>\nA adolescente foi recolhida a institui\u00e7\u00e3o de amparo a menor infrator, onde estar\u00e1 a disposi\u00e7\u00e3o da Vara da inf\u00e2ncia e Familia.<\/p>\n<p style=\"text-align: justify;\">Ap\u00f3s os procedimentos cab\u00edveis, os envolvidos foram conduzidos ao Sistema Penitenci\u00e1rio, ficando \u00e0 disposi\u00e7\u00e3o da Justi\u00e7a. Foto da v\u00edtima: Reprodu\u00e7\u00e3o\/WhatsApp.<\/p>\n<p style=\"text-align: justify;\">Fonte: 3\u00aa DIVIS\u00c3O DE HOMIC\u00cdDIOS DO AGRESTE.<\/p>\n<p style=\"text-align: justify;\">Siga o Instagram do Blog @blogdoedvaldomagalhaes<\/p>\n","protected":false},"excerpt":{"rendered":"<p>A Pol\u00edcia Civil de Pernambuco, na tarde desta quarta-feira (23.11), em a\u00e7\u00e3o da equipe da 20\u00b0 DPH de Caruaru sob&hellip;<\/p>\n","protected":false},"author":1,"featured_media":90163,"comment_status":"closed","ping_status":"open","sticky":false,"template":"","format":"standard","meta":{"footnotes":""},"categories":[14121],"tags":[26126,2,19532,3406,5448],"class_list":["post-90162","post","type-post","status-publish","format-standard","has-post-thumbnail","hentry","category-policial","tag-adolescente-suspeita-de-matar-a-propria-mae-e-presa-em-caruaru","tag-blog-do-edvaldo-magalhaes","tag-blog-mais-acessado-e-visualizado-de-caruaru-e-regiao","tag-caruaru","tag-homicidio"],"_links":{"self":[{"href":"https:\/\/blogdoedvaldomagalhaes.com.br\/index.php\/wp-json\/wp\/v2\/posts\/90162","targetHints":{"allow":["GET"]}}],"collection":[{"href":"https:\/\/blogdoedvaldomagalhaes.com.br\/index.php\/wp-json\/wp\/v2\/posts"}],"about":[{"href":"https:\/\/blogdoedvaldomagalhaes.com.br\/index.php\/wp-json\/wp\/v2\/types\/post"}],"author":[{"embeddable":true,"href":"https:\/\/blogdoedvaldomagalhaes.com.br\/index.php\/wp-json\/wp\/v2\/users\/1"}],"replies":[{"embeddable":true,"href":"https:\/\/blogdoedvaldomagalhaes.com.br\/index.php\/wp-json\/wp\/v2\/comments?post=90162"}],"version-history":[{"count":1,"href":"https:\/\/blogdoedvaldomagalhaes.com.br\/index.php\/wp-json\/wp\/v2\/posts\/90162\/revisions"}],"predecessor-version":[{"id":90164,"href":"https:\/\/blogdoedvaldomagalhaes.com.br\/index.php\/wp-json\/wp\/v2\/posts\/90162\/revisions\/90164"}],"wp:featuredmedia":[{"embeddable":true,"href":"https:\/\/blogdoedvaldomagalhaes.com.br\/index.php\/wp-json\/wp\/v2\/media\/90163"}],"wp:attachment":[{"href":"https:\/\/blogdoedvaldomagalhaes.com.br\/index.php\/wp-json\/wp\/v2\/media?parent=90162"}],"wp:term":[{"taxonomy":"category","embeddable":true,"href":"https:\/\/blogdoedvaldomagalhaes.com.br\/index.php\/wp-json\/wp\/v2\/categories?post=90162"},{"taxonomy":"post_tag","embeddable":true,"href":"https:\/\/blogdoedvaldomagalhaes.com.br\/index.php\/wp-json\/wp\/v2\/tags?post=90162"}],"curies":[{"name":"wp","href":"https:\/\/api.w.org\/{rel}","templated":true}]}}