{"id":90158,"date":"2022-11-23T22:16:50","date_gmt":"2022-11-24T01:16:50","guid":{"rendered":"https:\/\/blogdoedvaldomagalhaes.com.br\/?p=90158"},"modified":"2022-11-23T22:16:51","modified_gmt":"2022-11-24T01:16:51","slug":"boletim-medico-saiba-o-estado-de-saude-do-cantor-sergio-amaral","status":"publish","type":"post","link":"https:\/\/blogdoedvaldomagalhaes.com.br\/index.php\/2022\/11\/23\/boletim-medico-saiba-o-estado-de-saude-do-cantor-sergio-amaral\/","title":{"rendered":"Boletim m\u00e9dico: saiba o estado de sa\u00fade do cantor S\u00e9rgio Amaral"},"content":{"rendered":"<p style=\"text-align: justify;\"><span style=\"font-size: revert; text-align: justify; color: initial;\">O cantor, compositor e m\u00fasico, S\u00e9rgio Amaral, est\u00e1 internado na UTI do Hospital Osvaldo Cruz, no Recife. De acordo com o boletim m\u00e9dico divulgado na noite desta quarta-feira (23), o quadro de S\u00e9rgio Amaral continua est\u00e1vel, entubado com seda\u00e7\u00e3o leve, a oxigena\u00e7\u00e3o dele n\u00e3o foi afetada pelo covid-19. O que o levou a entuba\u00e7\u00e3o foram os problemas do f\u00edgado que j\u00e1 est\u00e3o sendo tratados.<\/span><\/p>\n<p style=\"text-align: justify;\"><strong><span style=\"font-size: revert; text-align: justify; color: initial;\">Entenda o caso<\/span><\/strong><\/p>\n<p style=\"text-align: justify;\"><span style=\"font-size: revert; text-align: justify; color: initial;\">S\u00e9rgio Amaral fez tratamento de f\u00edgado no Hospital Oswaldo Cruz, no Recife, guardando um transplante na fila de espera. Na sexta-feira (18), testou positivo para covid-19, teve complica\u00e7\u00f5es respirat\u00f3rias. N<\/span><span style=\"font-size: revert; text-align: justify; color: initial;\">o s\u00e1bado pela manh\u00e3 (19), deu entrada no hospital. \u00c0 tarde agravou seu quadro e ele teve que ser transferido para UTI. \u00c0s 22h da segunda-feira (21),<\/span><span style=\"font-size: revert; text-align: justify; color: initial;\"> foi intubado e sua sa\u00fade encontra-se delicada.<\/span><\/p>\n<p style=\"text-align: justify;\">\u00cdcone do Bloco Lira da Tarde e int\u00e9rprete de v\u00e1rios sucessos. Personalidade muito querida do segmento art\u00edstico e social, na regi\u00e3o e principalmente em Pesqueira (PE) onde chegou a assumir a diretoria de Cultura.<\/p>\n<p style=\"text-align: justify;\">Informa\u00e7\u00f5es: Paulo Nailson.<\/p>\n<p style=\"text-align: justify;\">Foto: Reprodu\u00e7\u00e3o\/Redes Sociais.<\/p>\n<p style=\"text-align: justify;\">Siga o Instagram do Blog @blogdoedvaldomagalhaes<\/p>\n\n\n<figure class=\"wp-block-image size-large\"><img loading=\"lazy\" decoding=\"async\" width=\"768\" height=\"1024\" src=\"https:\/\/blogdoedvaldomagalhaes.com.br\/wp-content\/uploads\/2022\/11\/IMG-20221123-WA0124-768x1024.jpg\" alt=\"\" class=\"wp-image-90182\" srcset=\"https:\/\/blogdoedvaldomagalhaes.com.br\/wp-content\/uploads\/2022\/11\/IMG-20221123-WA0124-768x1024.jpg 768w, https:\/\/blogdoedvaldomagalhaes.com.br\/wp-content\/uploads\/2022\/11\/IMG-20221123-WA0124-225x300.jpg 225w, https:\/\/blogdoedvaldomagalhaes.com.br\/wp-content\/uploads\/2022\/11\/IMG-20221123-WA0124.jpg 960w\" sizes=\"auto, (max-width: 768px) 100vw, 768px\" \/><figcaption>Blog do Edvaldo Magalh\u00e3es <\/figcaption><\/figure>\n","protected":false},"excerpt":{"rendered":"<p>O cantor, compositor e m\u00fasico, S\u00e9rgio Amaral, est\u00e1 internado na UTI do Hospital Osvaldo Cruz, no Recife. De acordo com&hellip;<\/p>\n","protected":false},"author":1,"featured_media":90181,"comment_status":"closed","ping_status":"open","sticky":false,"template":"","format":"standard","meta":{"footnotes":""},"categories":[14120],"tags":[2,19532,26133,3406],"class_list":["post-90158","post","type-post","status-publish","format-standard","has-post-thumbnail","hentry","category-noticias","tag-blog-do-edvaldo-magalhaes","tag-blog-mais-acessado-e-visualizado-de-caruaru-e-regiao","tag-boletim-medico-saiba-o-estado-de-saude-do-cantor-sergio-amaral","tag-caruaru"],"_links":{"self":[{"href":"https:\/\/blogdoedvaldomagalhaes.com.br\/index.php\/wp-json\/wp\/v2\/posts\/90158","targetHints":{"allow":["GET"]}}],"collection":[{"href":"https:\/\/blogdoedvaldomagalhaes.com.br\/index.php\/wp-json\/wp\/v2\/posts"}],"about":[{"href":"https:\/\/blogdoedvaldomagalhaes.com.br\/index.php\/wp-json\/wp\/v2\/types\/post"}],"author":[{"embeddable":true,"href":"https:\/\/blogdoedvaldomagalhaes.com.br\/index.php\/wp-json\/wp\/v2\/users\/1"}],"replies":[{"embeddable":true,"href":"https:\/\/blogdoedvaldomagalhaes.com.br\/index.php\/wp-json\/wp\/v2\/comments?post=90158"}],"version-history":[{"count":1,"href":"https:\/\/blogdoedvaldomagalhaes.com.br\/index.php\/wp-json\/wp\/v2\/posts\/90158\/revisions"}],"predecessor-version":[{"id":90183,"href":"https:\/\/blogdoedvaldomagalhaes.com.br\/index.php\/wp-json\/wp\/v2\/posts\/90158\/revisions\/90183"}],"wp:featuredmedia":[{"embeddable":true,"href":"https:\/\/blogdoedvaldomagalhaes.com.br\/index.php\/wp-json\/wp\/v2\/media\/90181"}],"wp:attachment":[{"href":"https:\/\/blogdoedvaldomagalhaes.com.br\/index.php\/wp-json\/wp\/v2\/media?parent=90158"}],"wp:term":[{"taxonomy":"category","embeddable":true,"href":"https:\/\/blogdoedvaldomagalhaes.com.br\/index.php\/wp-json\/wp\/v2\/categories?post=90158"},{"taxonomy":"post_tag","embeddable":true,"href":"https:\/\/blogdoedvaldomagalhaes.com.br\/index.php\/wp-json\/wp\/v2\/tags?post=90158"}],"curies":[{"name":"wp","href":"https:\/\/api.w.org\/{rel}","templated":true}]}}