{"id":90152,"date":"2022-11-22T21:00:47","date_gmt":"2022-11-23T00:00:47","guid":{"rendered":"https:\/\/blogdoedvaldomagalhaes.com.br\/?p=90152"},"modified":"2022-11-22T21:15:21","modified_gmt":"2022-11-23T00:15:21","slug":"acao-do-pl-pede-que-tse-decida-sobre-relatorio-das-urnas-no-2-turno-moraes-so-analisara-se-abranger-os-dois-turnos","status":"publish","type":"post","link":"https:\/\/blogdoedvaldomagalhaes.com.br\/index.php\/2022\/11\/22\/acao-do-pl-pede-que-tse-decida-sobre-relatorio-das-urnas-no-2-turno-moraes-so-analisara-se-abranger-os-dois-turnos\/","title":{"rendered":"A\u00e7\u00e3o do PL pede que TSE decida sobre relat\u00f3rio das urnas no 2\u00b0 turno; Moraes s\u00f3 analisar\u00e1 se abranger os dois turnos"},"content":{"rendered":"<p style=\"text-align: justify;\">O presidente nacional do PL, Valdemar Costa Neto, anunciou nesta ter\u00e7a-feira (22), que o Partido entrou com uma representa\u00e7\u00e3o no Tribunal Superior Eleitoral (TSE) para anular votos de algumas urnas eletr\u00f4nicas do segundo turno das elei\u00e7\u00f5es presidenciais, do \u00faltimo dia 30 de outubro.<\/p>\n<p style=\"text-align: justify;\">O an\u00fancio foi feito \u00e0 imprensa, num audit\u00f3rio do Complexo Brasil 21, em Bras\u00edlia. Ao lado do presidente do Instituto Voto Legal, engenheiro Carlos Rocha e do advogado Marcelo Luiz \u00c1vila de Bessa, Costa Neto disse que o relat\u00f3rio n\u00e3o expressa a opini\u00e3o do PL, mas segundo ele, \u00e9 resultado de estudos feitos por especialistas.<\/p>\n<p style=\"text-align: justify;\">\u201cEsse relat\u00f3rio n\u00e3o expressa a opini\u00e3o do Partido Liberal, mas \u00e9 o resultado de estudos elaborados por especialistas graduados em uma das universidades mais respeitadas do mundo e que, no nosso entendimento, deve ser analisado pelos especialistas do TSE\u201d, disse o presidente do PL.<\/p>\n<p style=\"text-align: justify;\">\u201cEstamos aqui hoje com uma \u00fanica inten\u00e7\u00e3o, de contribuir para o fortalecimento da democracia do nosso pa\u00eds. N\u00f3s temos a certeza de que fortalecendo a democracia, estamos fortalecendo o Brasil\u201d, destacou o l\u00edder liberal.<\/p>\n<p style=\"text-align: justify;\">O laudo t\u00e9cnico de uma auditoria realizada pelo Instituto Voto Legal, contratada pela sigla, indica que foram constatadas evid\u00eancias de mau funcionamento de urnas eletr\u00f4nicas, atrav\u00e9s de eventos registrados nos arquivos Logs de Urna.<\/p>\n<p style=\"text-align: justify;\">\u201cOs votos v\u00e1lidos e audit\u00e1veis do segundo turno do pleito eleitoral de 2022 atestam resultado diferente daquele anunciado por esse TSE no dia 30\/10\/22, conferindo posi\u00e7\u00e3o preferencial de 51,05% da popula\u00e7\u00e3o ao presidente Jair Bolsonaro\u201d, diz um trecho da a\u00e7\u00e3o. Foto: Divulga\u00e7\u00e3o\/PL.<\/p>\n<p><strong>Resposta<\/strong><\/p>\n<p style=\"text-align: justify;\">O ministro Alexandre de Moraes decidiu nesta ter\u00e7a-feira que o PL deve incluir, no processo que pede a anula\u00e7\u00e3o dos votos registradas em urnas eletr\u00f4nicas de modelo anterior a 2020, tamb\u00e9m o 1\u00b0 turno das elei\u00e7\u00f5es.\u00a0Caso o partido n\u00e3o o fa\u00e7a, a a\u00e7\u00e3o n\u00e3o ser\u00e1 sequer analisada, segundo despacho do ministro.<\/p>\n<p style=\"text-align: justify;\">Siga o Instagram do Blog @blogdoedvaldomagalhaes<\/p>\n","protected":false},"excerpt":{"rendered":"<p>O presidente nacional do PL, Valdemar Costa Neto, anunciou nesta ter\u00e7a-feira (22), que o Partido entrou com uma representa\u00e7\u00e3o no&hellip;<\/p>\n","protected":false},"author":1,"featured_media":90153,"comment_status":"closed","ping_status":"open","sticky":false,"template":"","format":"standard","meta":{"footnotes":""},"categories":[14122],"tags":[26124,2,19532,3406,20],"class_list":["post-90152","post","type-post","status-publish","format-standard","has-post-thumbnail","hentry","category-politica","tag-acao-do-pl-pede-que-tse-decida-sobre-relatorio-das-urnas-no-2-turno-moraes-so-analisara-se-abranger-os-dois-turnos","tag-blog-do-edvaldo-magalhaes","tag-blog-mais-acessado-e-visualizado-de-caruaru-e-regiao","tag-caruaru","tag-politica"],"_links":{"self":[{"href":"https:\/\/blogdoedvaldomagalhaes.com.br\/index.php\/wp-json\/wp\/v2\/posts\/90152","targetHints":{"allow":["GET"]}}],"collection":[{"href":"https:\/\/blogdoedvaldomagalhaes.com.br\/index.php\/wp-json\/wp\/v2\/posts"}],"about":[{"href":"https:\/\/blogdoedvaldomagalhaes.com.br\/index.php\/wp-json\/wp\/v2\/types\/post"}],"author":[{"embeddable":true,"href":"https:\/\/blogdoedvaldomagalhaes.com.br\/index.php\/wp-json\/wp\/v2\/users\/1"}],"replies":[{"embeddable":true,"href":"https:\/\/blogdoedvaldomagalhaes.com.br\/index.php\/wp-json\/wp\/v2\/comments?post=90152"}],"version-history":[{"count":3,"href":"https:\/\/blogdoedvaldomagalhaes.com.br\/index.php\/wp-json\/wp\/v2\/posts\/90152\/revisions"}],"predecessor-version":[{"id":90157,"href":"https:\/\/blogdoedvaldomagalhaes.com.br\/index.php\/wp-json\/wp\/v2\/posts\/90152\/revisions\/90157"}],"wp:featuredmedia":[{"embeddable":true,"href":"https:\/\/blogdoedvaldomagalhaes.com.br\/index.php\/wp-json\/wp\/v2\/media\/90153"}],"wp:attachment":[{"href":"https:\/\/blogdoedvaldomagalhaes.com.br\/index.php\/wp-json\/wp\/v2\/media?parent=90152"}],"wp:term":[{"taxonomy":"category","embeddable":true,"href":"https:\/\/blogdoedvaldomagalhaes.com.br\/index.php\/wp-json\/wp\/v2\/categories?post=90152"},{"taxonomy":"post_tag","embeddable":true,"href":"https:\/\/blogdoedvaldomagalhaes.com.br\/index.php\/wp-json\/wp\/v2\/tags?post=90152"}],"curies":[{"name":"wp","href":"https:\/\/api.w.org\/{rel}","templated":true}]}}