{"id":9015,"date":"2016-07-13T21:49:00","date_gmt":"2016-07-14T00:49:00","guid":{"rendered":"http:\/\/blogdoedvaldomagalhaes.com.br\/index.php\/2016\/07\/13\/elenco-do-central-voltou-treinar-e\/"},"modified":"2019-02-09T00:50:49","modified_gmt":"2019-02-09T02:50:49","slug":"elenco-do-central-voltou-treinar-e","status":"publish","type":"post","link":"https:\/\/blogdoedvaldomagalhaes.com.br\/index.php\/2016\/07\/13\/elenco-do-central-voltou-treinar-e\/","title":{"rendered":"Elenco do Central voltou a treinar e ingressos j\u00e1 est\u00e3o sendo vendidos"},"content":{"rendered":"<div class=\"separator\" style=\"clear: both; text-align: center;\">\n<a href=\"https:\/\/1.bp.blogspot.com\/-XSfvODkh0Qk\/V4a0Eq5WZCI\/AAAAAAAACIk\/TIRVWqsoTcED7o3pfazr2oQL47kU6eqdQCLcB\/s1600\/vital.jpg\" imageanchor=\"1\" style=\"margin-left: 1em; margin-right: 1em;\"><img loading=\"lazy\" decoding=\"async\" border=\"0\" height=\"400\" src=\"http:\/\/blogdoedvaldomagalhaes.com.br\/wp-content\/uploads\/2016\/07\/vital-1.jpg\" width=\"400\" \/><\/a><\/div>\n<div class=\"separator\" style=\"clear: both; text-align: center;\">\nFoto: Vital Flor\u00eancio\/treino do Central&nbsp;<\/div>\n<div class=\"separator\" style=\"clear: both; text-align: center;\">\n<\/div>\n<div class=\"separator\" style=\"clear: both; text-align: justify;\">\nO elenco do Central que n\u00e3o realizou nenhuma atividade nessa ter\u00e7a-feira (12), voltou a treinar normalmente hoje (13), em dois expedientes, sendo um treino f\u00edsico na academia sob o comando do fisicultor Luiz Paulo Bustamante, e \u00e0 tarde, o assistente t\u00e9cnico Catende trabalhou em campo reduzido. Lembrando que o t\u00e9cnico Guilherme Macuglia continua se recuperando de uma cirurgi\u00e3o no olho esquerdo.<\/div>\n<div class=\"separator\" style=\"clear: both; text-align: justify;\">\n<\/div>\n<div class=\"separator\" style=\"clear: both; text-align: justify;\">\nO zagueiro \u00c9verton e o volante Luiz Felipe Portes com tr\u00eas cart\u00f5es amarelos cada um, desfalcam a Patativa contra o Guarani de Juazeiro no pr\u00f3ximo domingo (17), \u00e0s 18h, no Lacerd\u00e3o, na \u00faltima rodada da 1\u00aa fase da S\u00e9rie D, onde a vit\u00f3ria classifica o alvi-negro caruaruense para a 2\u00aa fase da competi\u00e7\u00e3o. O zagueiro Diego Bispo e o meio-campista David Manteiga devem substituir Everton e Portes, respectivamente.<\/div>\n<div class=\"separator\" style=\"clear: both; text-align: justify;\">\n<\/div>\n<div class=\"separator\" style=\"clear: both; text-align: justify;\">\nO time que treinou com bola hoje e que poder\u00e1 jogar domingo \u00e9 este: Murilo, Richard Souza, Aylton Alem\u00e3o, Sanny Rodrigues (deve estrear) e Altemar; Douglas Carioca, Liniker e Danilo Cintra; Candinho, Rom\u00e1rio Correa e Thiaguinho (que deve estrear).&nbsp;<\/div>\n<div class=\"separator\" style=\"clear: both; text-align: justify;\">\n<\/div>\n<div class=\"separator\" style=\"clear: both; text-align: justify;\">\nO atacante Thiaguinho est\u00e1 regularizado e poder\u00e1 estrear com a camisa centralina, j\u00e1 o meia-atacante Roninho aguarda a condi\u00e7\u00e3o de jogo, enquanto o lateral-direito Fabinho est\u00e1 machucado e n\u00e3o vem mais para o Central.<\/div>\n<div class=\"separator\" style=\"clear: both; text-align: justify;\">\n<\/div>\n<div class=\"separator\" style=\"clear: both; text-align: justify;\">\nO elenco volta a treinar na tarde desta quinta-feira (14), quando Catende dever\u00e1 comandar o 1\u00ba coletivo da semana.<\/div>\n<div class=\"separator\" style=\"clear: both; text-align: justify;\">\n<\/div>\n<div class=\"separator\" style=\"clear: both; text-align: justify;\">\nO ingressos para o jogo Central x Guarani de Juazeiro, come\u00e7aram a ser vendidos nesta quarta-feira (13) na sede do clube aos pre\u00e7os de R$ 10 reais (arquibancada) e R$ 30 reais (cadeira). No dia do jogo os ingressos ter\u00e3o os pre\u00e7os majorados.<\/div>\n<div class=\"MsoNormal\" style=\"background-color: white; color: #333333; font-family: &quot;Trebuchet MS&quot;, Arial; font-size: 14px; text-align: justify;\">\n<\/div>\n<p><\/p>\n","protected":false},"excerpt":{"rendered":"<p>Foto: Vital Flor\u00eancio\/treino do Central&nbsp; O elenco do Central que n\u00e3o realizou nenhuma atividade nessa ter\u00e7a-feira (12), voltou a treinar&hellip;<\/p>\n","protected":false},"author":1,"featured_media":0,"comment_status":"open","ping_status":"open","sticky":false,"template":"","format":"standard","meta":{"footnotes":""},"categories":[1],"tags":[2,4225,2952,9812,13516,13498,13593,1950,5863,13594],"class_list":["post-9015","post","type-post","status-publish","format-standard","hentry","category-sem-categoria","tag-blog-do-edvaldo-magalhaes","tag-catende","tag-central-de-caruaru","tag-david-manteiga","tag-diego-bispo","tag-guarani-de-juazeiro","tag-luiz-paulo-bustamante","tag-noticias-de-caruaru","tag-noticias-esportivas","tag-thiaguinho"],"_links":{"self":[{"href":"https:\/\/blogdoedvaldomagalhaes.com.br\/index.php\/wp-json\/wp\/v2\/posts\/9015","targetHints":{"allow":["GET"]}}],"collection":[{"href":"https:\/\/blogdoedvaldomagalhaes.com.br\/index.php\/wp-json\/wp\/v2\/posts"}],"about":[{"href":"https:\/\/blogdoedvaldomagalhaes.com.br\/index.php\/wp-json\/wp\/v2\/types\/post"}],"author":[{"embeddable":true,"href":"https:\/\/blogdoedvaldomagalhaes.com.br\/index.php\/wp-json\/wp\/v2\/users\/1"}],"replies":[{"embeddable":true,"href":"https:\/\/blogdoedvaldomagalhaes.com.br\/index.php\/wp-json\/wp\/v2\/comments?post=9015"}],"version-history":[{"count":1,"href":"https:\/\/blogdoedvaldomagalhaes.com.br\/index.php\/wp-json\/wp\/v2\/posts\/9015\/revisions"}],"predecessor-version":[{"id":10226,"href":"https:\/\/blogdoedvaldomagalhaes.com.br\/index.php\/wp-json\/wp\/v2\/posts\/9015\/revisions\/10226"}],"wp:attachment":[{"href":"https:\/\/blogdoedvaldomagalhaes.com.br\/index.php\/wp-json\/wp\/v2\/media?parent=9015"}],"wp:term":[{"taxonomy":"category","embeddable":true,"href":"https:\/\/blogdoedvaldomagalhaes.com.br\/index.php\/wp-json\/wp\/v2\/categories?post=9015"},{"taxonomy":"post_tag","embeddable":true,"href":"https:\/\/blogdoedvaldomagalhaes.com.br\/index.php\/wp-json\/wp\/v2\/tags?post=9015"}],"curies":[{"name":"wp","href":"https:\/\/api.w.org\/{rel}","templated":true}]}}