{"id":90148,"date":"2022-11-22T18:37:34","date_gmt":"2022-11-22T21:37:34","guid":{"rendered":"https:\/\/blogdoedvaldomagalhaes.com.br\/?p=90148"},"modified":"2022-11-22T18:37:35","modified_gmt":"2022-11-22T21:37:35","slug":"retinopatia-diabetica-acomete-10-milhoes-de-pessoas-no-brasil","status":"publish","type":"post","link":"https:\/\/blogdoedvaldomagalhaes.com.br\/index.php\/2022\/11\/22\/retinopatia-diabetica-acomete-10-milhoes-de-pessoas-no-brasil\/","title":{"rendered":"Retinopatia diab\u00e9tica acomete 10 milh\u00f5es de pessoas no Brasil"},"content":{"rendered":"<p style=\"text-align: justify;\"><span style=\"color: initial; font-size: revert; text-align: justify;\">Dados do Conselho Brasileiro de Oftalmologia (CBO) apontam que a retinopatia diab\u00e9tica \u00e9 a principal causa da perda de vis\u00e3o entre pessoas de 20 a 64 anos de idade. Segundo a Sociedade Brasileira de Diabetes (SBD), mais de 10 milh\u00f5es de brasileiros t\u00eam problemas associados \u00e0 enfermidade e o n\u00famero, de acordo com a entidade, pode ser ainda maior devido \u00e0 subnotifica\u00e7\u00e3o dos casos.<\/span><\/p>\n<p style=\"text-align: justify;\"><span style=\"font-weight: 400;\">A oftalmologista Fabiana da Fonte, do Hospital de Olhos Santa Luzia, integrante da rede Vision One, alerta para o fato de que a doen\u00e7a pode aparecer de forma silenciosa. \u201cAs doen\u00e7as da retina geralmente s\u00e3o sintom\u00e1ticas, causando emba\u00e7amento visual, vis\u00e3o de manchas, flashes de luz ou perda de campo de vis\u00e3o. Por\u00e9m, algumas doen\u00e7as potencialmente graves podem ser assintom\u00e1ticas como a retinopatia diab\u00e9tica\u201d, afirma a especialista.<\/span><\/p>\n<p style=\"text-align: justify;\"><span style=\"font-weight: 400;\">De acordo com o CBO, a diabetes \u00e9 uma doen\u00e7a complexa e progressiva que afeta os vasos sangu\u00edneos do olho. Um material anormal \u00e9 depositado nas paredes desses vasos na retina, que \u00e9 a regi\u00e3o conhecida como &#8220;fundo de olho&#8221;, causando estreitamento e \u00e0s vezes bloqueio do vaso sangu\u00edneo, al\u00e9m de enfraquecimento da sua parede \u2013 o que ocasiona deformidades conhecidas como microaneurismas. Estes microaneurismas frequentemente rompem ou extravasam sangue, causando hemorragia e infiltra\u00e7\u00e3o de gordura na retina.<\/span><\/p>\n<p style=\"text-align: justify;\"><span style=\"font-weight: 400;\">A oftalmologista Fabiana da Fonte orienta que um estilo de vida saud\u00e1vel pode ser um grande aliado. \u201cUm bom controle cl\u00ednico de doen\u00e7as sist\u00eamicas como diabetes e hipertens\u00e3o pode evitar o surgimento de retinopatia diab\u00e9tica e oclus\u00f5es vasculares, respectivamente; evitar tabagismo, ter uma alimenta\u00e7\u00e3o saud\u00e1vel e realizar exerc\u00edcios f\u00edsicos regulares podem diminuir o risco de desenvolver a degenera\u00e7\u00e3o macular relacionada a idade (DMRI); al\u00e9m da avalia\u00e7\u00e3o frequente com oftalmologista\u201d, recomenda a m\u00e9dica.<\/span><\/p>\n<p style=\"text-align: justify;\"><strong>Saiba mais sobre a retinopatia diab\u00e9tica<\/strong><\/p>\n<p style=\"text-align: justify;\"><span style=\"font-weight: 400;\">Existem duas formas de retinopatia diab\u00e9tica: exsudativa e proliferativa. Em ambos os casos, a retinopatia pode levar a uma perda parcial ou total da vis\u00e3o.<\/span><\/p>\n<p style=\"text-align: justify;\"><span style=\"font-weight: 400;\">-Retinopatia Diab\u00e9tica Exsudativa: ocorre quando as hemorragias e as gorduras afetam a m\u00e1cula, que \u00e9 necess\u00e1ria para a vis\u00e3o central, usada para a leitura.<\/span><\/p>\n<p style=\"text-align: justify;\"><span style=\"font-weight: 400;\">&#8211; Retinopatia Diab\u00e9tica Proliferativa: surge quando a doen\u00e7a dos vasos sangu\u00edneos da retina progride, o que ocasiona a prolifera\u00e7\u00e3o de novos vasos anormais que s\u00e3o chamados &#8220;neovasos&#8221;. Estes novos vasos s\u00e3o extremamente fr\u00e1geis e tamb\u00e9m podem sangrar. Al\u00e9m do sangramento, os neovasos podem proliferar para o interior do olho causando graus variados de destrui\u00e7\u00e3o da retina e dificuldades de vis\u00e3o. A prolifera\u00e7\u00e3o dos neovasos tamb\u00e9m pode causar cegueira em conseq\u00fc\u00eancia de um descolamento de retina.<\/span><\/p>\n\n\n<figure class=\"wp-block-image size-full is-resized\"><img loading=\"lazy\" decoding=\"async\" src=\"https:\/\/blogdoedvaldomagalhaes.com.br\/wp-content\/uploads\/2022\/11\/IMG-20221122-WA0107.jpg\" alt=\"\" class=\"wp-image-90150\" width=\"351\" height=\"480\" srcset=\"https:\/\/blogdoedvaldomagalhaes.com.br\/wp-content\/uploads\/2022\/11\/IMG-20221122-WA0107.jpg 342w, https:\/\/blogdoedvaldomagalhaes.com.br\/wp-content\/uploads\/2022\/11\/IMG-20221122-WA0107-219x300.jpg 219w\" sizes=\"auto, (max-width: 351px) 100vw, 351px\" \/><figcaption>Oftalmologista Fabiana da Fonte<\/figcaption><\/figure>\n","protected":false},"excerpt":{"rendered":"<p>Dados do Conselho Brasileiro de Oftalmologia (CBO) apontam que a retinopatia diab\u00e9tica \u00e9 a principal causa da perda de vis\u00e3o&hellip;<\/p>\n","protected":false},"author":1,"featured_media":90149,"comment_status":"closed","ping_status":"open","sticky":false,"template":"","format":"standard","meta":{"footnotes":""},"categories":[14120],"tags":[2,19532,3406,26122],"class_list":["post-90148","post","type-post","status-publish","format-standard","has-post-thumbnail","hentry","category-noticias","tag-blog-do-edvaldo-magalhaes","tag-blog-mais-acessado-e-visualizado-de-caruaru-e-regiao","tag-caruaru","tag-retinopatia-diabetica-acomete-10-milhoes-de-pessoas-no-brasil"],"_links":{"self":[{"href":"https:\/\/blogdoedvaldomagalhaes.com.br\/index.php\/wp-json\/wp\/v2\/posts\/90148","targetHints":{"allow":["GET"]}}],"collection":[{"href":"https:\/\/blogdoedvaldomagalhaes.com.br\/index.php\/wp-json\/wp\/v2\/posts"}],"about":[{"href":"https:\/\/blogdoedvaldomagalhaes.com.br\/index.php\/wp-json\/wp\/v2\/types\/post"}],"author":[{"embeddable":true,"href":"https:\/\/blogdoedvaldomagalhaes.com.br\/index.php\/wp-json\/wp\/v2\/users\/1"}],"replies":[{"embeddable":true,"href":"https:\/\/blogdoedvaldomagalhaes.com.br\/index.php\/wp-json\/wp\/v2\/comments?post=90148"}],"version-history":[{"count":1,"href":"https:\/\/blogdoedvaldomagalhaes.com.br\/index.php\/wp-json\/wp\/v2\/posts\/90148\/revisions"}],"predecessor-version":[{"id":90151,"href":"https:\/\/blogdoedvaldomagalhaes.com.br\/index.php\/wp-json\/wp\/v2\/posts\/90148\/revisions\/90151"}],"wp:featuredmedia":[{"embeddable":true,"href":"https:\/\/blogdoedvaldomagalhaes.com.br\/index.php\/wp-json\/wp\/v2\/media\/90149"}],"wp:attachment":[{"href":"https:\/\/blogdoedvaldomagalhaes.com.br\/index.php\/wp-json\/wp\/v2\/media?parent=90148"}],"wp:term":[{"taxonomy":"category","embeddable":true,"href":"https:\/\/blogdoedvaldomagalhaes.com.br\/index.php\/wp-json\/wp\/v2\/categories?post=90148"},{"taxonomy":"post_tag","embeddable":true,"href":"https:\/\/blogdoedvaldomagalhaes.com.br\/index.php\/wp-json\/wp\/v2\/tags?post=90148"}],"curies":[{"name":"wp","href":"https:\/\/api.w.org\/{rel}","templated":true}]}}