{"id":90145,"date":"2022-11-22T17:23:06","date_gmt":"2022-11-22T20:23:06","guid":{"rendered":"https:\/\/blogdoedvaldomagalhaes.com.br\/?p=90145"},"modified":"2022-11-22T17:23:07","modified_gmt":"2022-11-22T20:23:07","slug":"anderson-correia-apresenta-anteprojeto-de-lei-que-pede-reducao-do-itbi-em-caruaru","status":"publish","type":"post","link":"https:\/\/blogdoedvaldomagalhaes.com.br\/index.php\/2022\/11\/22\/anderson-correia-apresenta-anteprojeto-de-lei-que-pede-reducao-do-itbi-em-caruaru\/","title":{"rendered":"Anderson Correia apresenta anteprojeto de lei que pede redu\u00e7\u00e3o do ITBI em Caruaru"},"content":{"rendered":"<p style=\"text-align: justify;\"><span style=\"color: initial; font-size: revert;\">O vereador Anderson Correia (PP) protocolou um anteprojeto de lei que pede a redu\u00e7\u00e3o temporariamente da al\u00edquota do Imposto sobre Transmiss\u00e3o &#8220;Inter Vivos&#8221; de Bens Im\u00f3veis e de Direitos a eles Relativos-ITBI. Conforme a proposi\u00e7\u00e3o, propriet\u00e1rios de im\u00f3veis de Caruaru que faltam concluir a transfer\u00eancia da propriedade junto \u00e0 Prefeitura e a cart\u00f3rios ter\u00e3o a oportunidade de finalizar esse processo, com a redu\u00e7\u00e3o de 2% para 1% da al\u00edquota do Imposto sobre Transmiss\u00e3o de Bens Im\u00f3veis (ITBI), at\u00e9 31 de dezembro de 2022.<\/span><\/p>\n<p style=\"text-align: justify;\">Essa \u00e9 uma forma de incentivar que donos de im\u00f3veis regularizem \u201ccontratos de gaveta\u201d, que s\u00e3o os documentos da propriedade que n\u00e3o foram formalizados em cart\u00f3rio e, consequentemente, n\u00e3o aparecem atualizados no Cadastro Imobili\u00e1rio do Munic\u00edpio. Al\u00e9m da redu\u00e7\u00e3o, o anteprojeto traz ainda a condi\u00e7\u00e3o de pagar em at\u00e9 24 vezes, por meio do cart\u00e3o de cr\u00e9dito. O parlamentar ressaltou a import\u00e2ncia do projeto para a popula\u00e7\u00e3o e para o munic\u00edpio.<\/p>\n<p style=\"text-align: justify;\">\u201cEsse \u00e9 um projeto que visa beneficiar nossa popula\u00e7\u00e3o, que muitas vezes quer muito regularizar todas as pend\u00eancias junto aos \u00f3rg\u00e3os p\u00fablicos, mas devido aos altos valores dos impostos n\u00e3o conseguem e vai acumulando e engavetando d\u00edvidas. Nosso papel \u00e9 esse, de trazer melhorias para todos, com alternativas que tragam solu\u00e7\u00f5es para dificuldades com essa de pagamento do ITBI, algo que favorece n\u00e3o s\u00f3 os propriet\u00e1rios de im\u00f3veis, mas tamb\u00e9m o munic\u00edpio, com o incentivo aos pagamentos de impostos\u201d, destacou Anderson.<\/p>\n<p style=\"text-align: justify;\">Siga o Instagram do Blog @blogdoedvaldomagalhaes<\/p>\n","protected":false},"excerpt":{"rendered":"<p>O vereador Anderson Correia (PP) protocolou um anteprojeto de lei que pede a redu\u00e7\u00e3o temporariamente da al\u00edquota do Imposto sobre&hellip;<\/p>\n","protected":false},"author":1,"featured_media":90146,"comment_status":"closed","ping_status":"open","sticky":false,"template":"","format":"standard","meta":{"footnotes":""},"categories":[14122],"tags":[26121,2,19532,3406,20],"class_list":["post-90145","post","type-post","status-publish","format-standard","has-post-thumbnail","hentry","category-politica","tag-anderson-correia-apresenta-anteprojeto-de-lei-que-pede-reducao-do-itbi-em-caruaru","tag-blog-do-edvaldo-magalhaes","tag-blog-mais-acessado-e-visualizado-de-caruaru-e-regiao","tag-caruaru","tag-politica"],"_links":{"self":[{"href":"https:\/\/blogdoedvaldomagalhaes.com.br\/index.php\/wp-json\/wp\/v2\/posts\/90145","targetHints":{"allow":["GET"]}}],"collection":[{"href":"https:\/\/blogdoedvaldomagalhaes.com.br\/index.php\/wp-json\/wp\/v2\/posts"}],"about":[{"href":"https:\/\/blogdoedvaldomagalhaes.com.br\/index.php\/wp-json\/wp\/v2\/types\/post"}],"author":[{"embeddable":true,"href":"https:\/\/blogdoedvaldomagalhaes.com.br\/index.php\/wp-json\/wp\/v2\/users\/1"}],"replies":[{"embeddable":true,"href":"https:\/\/blogdoedvaldomagalhaes.com.br\/index.php\/wp-json\/wp\/v2\/comments?post=90145"}],"version-history":[{"count":1,"href":"https:\/\/blogdoedvaldomagalhaes.com.br\/index.php\/wp-json\/wp\/v2\/posts\/90145\/revisions"}],"predecessor-version":[{"id":90147,"href":"https:\/\/blogdoedvaldomagalhaes.com.br\/index.php\/wp-json\/wp\/v2\/posts\/90145\/revisions\/90147"}],"wp:featuredmedia":[{"embeddable":true,"href":"https:\/\/blogdoedvaldomagalhaes.com.br\/index.php\/wp-json\/wp\/v2\/media\/90146"}],"wp:attachment":[{"href":"https:\/\/blogdoedvaldomagalhaes.com.br\/index.php\/wp-json\/wp\/v2\/media?parent=90145"}],"wp:term":[{"taxonomy":"category","embeddable":true,"href":"https:\/\/blogdoedvaldomagalhaes.com.br\/index.php\/wp-json\/wp\/v2\/categories?post=90145"},{"taxonomy":"post_tag","embeddable":true,"href":"https:\/\/blogdoedvaldomagalhaes.com.br\/index.php\/wp-json\/wp\/v2\/tags?post=90145"}],"curies":[{"name":"wp","href":"https:\/\/api.w.org\/{rel}","templated":true}]}}