{"id":90134,"date":"2022-11-22T16:37:46","date_gmt":"2022-11-22T19:37:46","guid":{"rendered":"https:\/\/blogdoedvaldomagalhaes.com.br\/?p=90134"},"modified":"2022-11-22T16:38:07","modified_gmt":"2022-11-22T19:38:07","slug":"matriculas-para-rede-municipal-de-ensino-de-caruaru-seguem-ate-o-dia-25-de-novembro","status":"publish","type":"post","link":"https:\/\/blogdoedvaldomagalhaes.com.br\/index.php\/2022\/11\/22\/matriculas-para-rede-municipal-de-ensino-de-caruaru-seguem-ate-o-dia-25-de-novembro\/","title":{"rendered":"Matr\u00edculas para Rede Municipal de Ensino de Caruaru seguem at\u00e9 o dia 25 de novembro"},"content":{"rendered":"<p style=\"text-align: justify;\"><span style=\"color: initial; font-size: revert;\">A Secretaria de Educa\u00e7\u00e3o e Esportes de Caruaru (Seduc), segue realizando a renova\u00e7\u00e3o dos estudantes que j\u00e1 fazem parte da rede municipal de ensino e dos alunos que querem mudar de escola (remanejamento). O per\u00edodo de matr\u00edculas para este grupo teve in\u00edcio no dia 1\u00ba de novembro e segue at\u00e9 sexta-feira (25). Os retardat\u00e1rios podem utilizar o per\u00edodo de 28 a 30 de novembro para efetivar a matr\u00edcula.<\/span><\/p>\n<p style=\"text-align: justify;\">A renova\u00e7\u00e3o da matr\u00edcula deve ser feita de forma presencial na escola, pelos pais, respons\u00e1veis ou pelo pr\u00f3prio estudante, se for maior de 18 anos. E, na ocasi\u00e3o, ser\u00e1 realizada uma atualiza\u00e7\u00e3o dos dados dos estudantes e seus respons\u00e1veis. No caso de remanejamento, os respons\u00e1veis devem acessar o link https:\/\/bit.ly\/solicitremanejamento ou comparecer \u00e0 escola para solicitar a mudan\u00e7a.<\/p>\n<p style=\"text-align: justify;\">No dia 30 de dezembro ser\u00e1 divulgado o resultado dos remanejamentos, que ficar\u00e1 dispon\u00edvel na unidade de origem e de destino. A efetiva\u00e7\u00e3o de matr\u00edculas dos estudantes remanejados ser\u00e1 no per\u00edodo de 02 a 06 de janeiro de 2023.<\/p>\n<p style=\"text-align: justify;\">Para os estudantes novatos, o per\u00edodo de pr\u00e9-matr\u00edcula acontecer\u00e1 de 02 a 06 de janeiro de 2023, por meio do link https:\/\/bit.ly\/solicitnovatos, que s\u00f3 estar\u00e1 dispon\u00edvel para o p\u00fablico no per\u00edodo citado. No dia 13 de janeiro ser\u00e1 divulgado o resultado da pr\u00e9-matr\u00edcula e a efetiva\u00e7\u00e3o da matr\u00edcula acontecer\u00e1 de 16 a 20 de janeiro.<\/p>\n<p style=\"text-align: justify;\">Para todos os tipos de ingresso na rede municipal de ensino, \u00e9 preciso levar os seguintes documentos (original e c\u00f3pia): certid\u00e3o de nascimento e\/ou casamento, c\u00e9dula de identidade (RG) e\/ou carteira profissional do estudante; declara\u00e7\u00e3o provis\u00f3ria ou hist\u00f3rico escolar da escola de origem (n\u00e3o devendo conter emendas e\/ou rasuras); CPF do estudante; CPF e RG do respons\u00e1vel ou do estudante quando maior de 18 anos; comprovante de resid\u00eancia com o CEP; cart\u00e3o de vacina\u00e7\u00e3o (Lei Estadual n\u00ba 13.770, de 18 de maio de 2009); duas fotografias 3&#215;4 recentes; Cart\u00e3o de Programas Sociais, caso seja benefici\u00e1rio; cart\u00e3o do SUS; comprovante de tipagem sangu\u00ednea (Fator RH); c\u00f3pia do Laudo M\u00e9dico para os estudantes com Defici\u00eancia, Transtornos Globais do Desenvolvimento e Altas Habilidades ou Superdota\u00e7\u00e3o.<\/p>\n<p style=\"text-align: justify;\">Atualmente, Caruaru possui 46.394 alunos matriculados na rede municipal de ensino, distribu\u00eddos em 114 escolas e 31 CMEI\u2019s.<\/p>\n<p style=\"text-align: justify;\">Creches &#8211; O cadastro para vagas nas creches de Caruaru acontece o ano inteiro, diretamente no Centro Municipal de Educa\u00e7\u00e3o Infantil (CMEI) em que se deseja matricular o filho. A publica\u00e7\u00e3o dos resultados acontece no Di\u00e1rio Oficial do munic\u00edpio, de acordo com o n\u00famero de vagas. Os pais ou respons\u00e1veis t\u00eam o prazo de 10 a 15 dias para efetuar a matr\u00edcula diretamente no CMEI que foi contemplado.<\/p>\n<p style=\"text-align: justify;\">Matr\u00edculas<br \/>\nEduca\u00e7\u00e3o Infantil &#8211; Ensino Fundamental e EJA<\/p>\n<p style=\"text-align: justify;\">Alunos da Rede<br \/>\nRenova\u00e7\u00e3o da matr\u00edcula: 1\u00ba a 30 de novembro de 2022<br \/>\nRemanejamento: 1\u00ba a 30 de novembro de 2022<br \/>\nResultado remanejamento: 30 de dezembro de 2022<br \/>\nPer\u00edodo de Matr\u00edcula: 02 a 06 de janeiro de 2023<\/p>\n<p style=\"text-align: justify;\">Alunos Novatos<br \/>\nPr\u00e9-matr\u00edcula: 02 a 06 de janeiro de 2023<br \/>\nResultado dos contemplados: 13 de janeiro de 2023<br \/>\nEfetiva\u00e7\u00e3o da Matr\u00edcula: 16 a 20 de janeiro de 2023. Foto: Jorge Farias.<\/p>\n<p style=\"text-align: justify;\">Siga o Instagram do Blog @blogdoedvaldomagalhaes<\/p>\n","protected":false},"excerpt":{"rendered":"<p>A Secretaria de Educa\u00e7\u00e3o e Esportes de Caruaru (Seduc), segue realizando a renova\u00e7\u00e3o dos estudantes que j\u00e1 fazem parte da&hellip;<\/p>\n","protected":false},"author":1,"featured_media":90135,"comment_status":"closed","ping_status":"open","sticky":false,"template":"","format":"standard","meta":{"footnotes":""},"categories":[14120],"tags":[2,19532,3406,26119],"class_list":["post-90134","post","type-post","status-publish","format-standard","has-post-thumbnail","hentry","category-noticias","tag-blog-do-edvaldo-magalhaes","tag-blog-mais-acessado-e-visualizado-de-caruaru-e-regiao","tag-caruaru","tag-matriculas-para-rede-municipal-de-ensino-de-caruaru-seguem-ate-o-dia-25-de-novembro"],"_links":{"self":[{"href":"https:\/\/blogdoedvaldomagalhaes.com.br\/index.php\/wp-json\/wp\/v2\/posts\/90134","targetHints":{"allow":["GET"]}}],"collection":[{"href":"https:\/\/blogdoedvaldomagalhaes.com.br\/index.php\/wp-json\/wp\/v2\/posts"}],"about":[{"href":"https:\/\/blogdoedvaldomagalhaes.com.br\/index.php\/wp-json\/wp\/v2\/types\/post"}],"author":[{"embeddable":true,"href":"https:\/\/blogdoedvaldomagalhaes.com.br\/index.php\/wp-json\/wp\/v2\/users\/1"}],"replies":[{"embeddable":true,"href":"https:\/\/blogdoedvaldomagalhaes.com.br\/index.php\/wp-json\/wp\/v2\/comments?post=90134"}],"version-history":[{"count":1,"href":"https:\/\/blogdoedvaldomagalhaes.com.br\/index.php\/wp-json\/wp\/v2\/posts\/90134\/revisions"}],"predecessor-version":[{"id":90136,"href":"https:\/\/blogdoedvaldomagalhaes.com.br\/index.php\/wp-json\/wp\/v2\/posts\/90134\/revisions\/90136"}],"wp:featuredmedia":[{"embeddable":true,"href":"https:\/\/blogdoedvaldomagalhaes.com.br\/index.php\/wp-json\/wp\/v2\/media\/90135"}],"wp:attachment":[{"href":"https:\/\/blogdoedvaldomagalhaes.com.br\/index.php\/wp-json\/wp\/v2\/media?parent=90134"}],"wp:term":[{"taxonomy":"category","embeddable":true,"href":"https:\/\/blogdoedvaldomagalhaes.com.br\/index.php\/wp-json\/wp\/v2\/categories?post=90134"},{"taxonomy":"post_tag","embeddable":true,"href":"https:\/\/blogdoedvaldomagalhaes.com.br\/index.php\/wp-json\/wp\/v2\/tags?post=90134"}],"curies":[{"name":"wp","href":"https:\/\/api.w.org\/{rel}","templated":true}]}}