{"id":90130,"date":"2022-11-22T14:12:14","date_gmt":"2022-11-22T17:12:14","guid":{"rendered":"https:\/\/blogdoedvaldomagalhaes.com.br\/?p=90130"},"modified":"2022-11-22T14:12:16","modified_gmt":"2022-11-22T17:12:16","slug":"vereador-jorge-quintino-solicita-que-seja-incluido-no-quadro-funcional-da-prefeitura-a-profissao-de-guarda-parque","status":"publish","type":"post","link":"https:\/\/blogdoedvaldomagalhaes.com.br\/index.php\/2022\/11\/22\/vereador-jorge-quintino-solicita-que-seja-incluido-no-quadro-funcional-da-prefeitura-a-profissao-de-guarda-parque\/","title":{"rendered":"Vereador Jorge Quintino solicita que seja inclu\u00eddo no quadro funcional da Prefeitura a profiss\u00e3o de Guarda-parque"},"content":{"rendered":"<p style=\"text-align: justify;\"><span style=\"color: initial; font-size: revert;\">Na tarde desta ter\u00e7a-feira (22), ser\u00e1 realizada a 57\u00aa sess\u00e3o legislativa. Durante a reuni\u00e3o, o vereador Jorge Quintino (SD) apresentar\u00e1 na tribuna um requerimento para que o Poder Executivo inclua no quadro funcional da Prefeitura a profiss\u00e3o de Guarda-parque com profissionais capacitados para atuar diretamente nas unidades de conserva\u00e7\u00e3o de prote\u00e7\u00e3o integral estaduais e nas zonas de amortecimento.<\/span><\/p>\n<p style=\"text-align: justify;\">\u201cSabemos que na cidade de Caruaru existe a unidade de conserva\u00e7\u00e3o Parque Natural Municipal Professor Jo\u00e3o Vasconcelos Sobrinho (Serra dos Cavalos), em que a profiss\u00e3o de Guarda-parque j\u00e1 existe factualmente, por\u00e9m n\u00e3o no quadro funcional. Desta forma, apresento este requerimento visando consolidar uma doutrina de cuidado permanente com as unidades de conserva\u00e7\u00e3o da natureza e a aten\u00e7\u00e3o constante com os seus visitantes\u201d, ressalta Jorge Quintino.<\/p>\n<p style=\"text-align: justify;\">Ainda durante a sess\u00e3o, o vereador destacar\u00e1 outro requerimento em que solicita ao Poder Executivo a cria\u00e7\u00e3o do Espa\u00e7o Ci\u00eancia em Caruaru, com o intuito de preservar, interpretar e promover o patrim\u00f4nio cient\u00edfico da humanidade.<\/p>\n<p style=\"text-align: justify;\">\u201cApresento este requerimento com o objetivo de viabilizar um Espa\u00e7o Ci\u00eancia Municipal, o qual seja inspirado no grandioso exemplo que possu\u00edmos em n\u00edvel estadual que proporcione um acervo de experimentos, cria\u00e7\u00e3o de condi\u00e7\u00f5es para a frui\u00e7\u00e3o, compreens\u00e3o e promo\u00e7\u00e3o do patrim\u00f4nio cient\u00edficos e trabalhos que ofere\u00e7am coopera\u00e7\u00e3o com a comunidade\u201d, finaliza Jorge Quintino.<\/p>\n<p style=\"text-align: justify;\">A reuni\u00e3o ordin\u00e1ria ser\u00e1 realizada a partir das 16h, na Casa Jornalista Jos\u00e9 Carlos Flor\u00eancio. Foto: Vladimir Barreto.<\/p>\n<p style=\"text-align: justify;\">Siga o Instagram do Blog @blogdoedvaldomagalhaes<\/p>\n","protected":false},"excerpt":{"rendered":"<p>Na tarde desta ter\u00e7a-feira (22), ser\u00e1 realizada a 57\u00aa sess\u00e3o legislativa. Durante a reuni\u00e3o, o vereador Jorge Quintino (SD) apresentar\u00e1&hellip;<\/p>\n","protected":false},"author":1,"featured_media":90131,"comment_status":"closed","ping_status":"open","sticky":false,"template":"","format":"standard","meta":{"footnotes":""},"categories":[14122],"tags":[2,19532,3406,20,26118],"class_list":["post-90130","post","type-post","status-publish","format-standard","has-post-thumbnail","hentry","category-politica","tag-blog-do-edvaldo-magalhaes","tag-blog-mais-acessado-e-visualizado-de-caruaru-e-regiao","tag-caruaru","tag-politica","tag-vereador-jorge-quintino-solicita-que-seja-incluido-no-quadro-funcional-da-prefeitura-a-profissao-de-guarda-parque"],"_links":{"self":[{"href":"https:\/\/blogdoedvaldomagalhaes.com.br\/index.php\/wp-json\/wp\/v2\/posts\/90130","targetHints":{"allow":["GET"]}}],"collection":[{"href":"https:\/\/blogdoedvaldomagalhaes.com.br\/index.php\/wp-json\/wp\/v2\/posts"}],"about":[{"href":"https:\/\/blogdoedvaldomagalhaes.com.br\/index.php\/wp-json\/wp\/v2\/types\/post"}],"author":[{"embeddable":true,"href":"https:\/\/blogdoedvaldomagalhaes.com.br\/index.php\/wp-json\/wp\/v2\/users\/1"}],"replies":[{"embeddable":true,"href":"https:\/\/blogdoedvaldomagalhaes.com.br\/index.php\/wp-json\/wp\/v2\/comments?post=90130"}],"version-history":[{"count":1,"href":"https:\/\/blogdoedvaldomagalhaes.com.br\/index.php\/wp-json\/wp\/v2\/posts\/90130\/revisions"}],"predecessor-version":[{"id":90132,"href":"https:\/\/blogdoedvaldomagalhaes.com.br\/index.php\/wp-json\/wp\/v2\/posts\/90130\/revisions\/90132"}],"wp:featuredmedia":[{"embeddable":true,"href":"https:\/\/blogdoedvaldomagalhaes.com.br\/index.php\/wp-json\/wp\/v2\/media\/90131"}],"wp:attachment":[{"href":"https:\/\/blogdoedvaldomagalhaes.com.br\/index.php\/wp-json\/wp\/v2\/media?parent=90130"}],"wp:term":[{"taxonomy":"category","embeddable":true,"href":"https:\/\/blogdoedvaldomagalhaes.com.br\/index.php\/wp-json\/wp\/v2\/categories?post=90130"},{"taxonomy":"post_tag","embeddable":true,"href":"https:\/\/blogdoedvaldomagalhaes.com.br\/index.php\/wp-json\/wp\/v2\/tags?post=90130"}],"curies":[{"name":"wp","href":"https:\/\/api.w.org\/{rel}","templated":true}]}}