{"id":90127,"date":"2022-11-22T14:01:30","date_gmt":"2022-11-22T17:01:30","guid":{"rendered":"https:\/\/blogdoedvaldomagalhaes.com.br\/?p=90127"},"modified":"2022-11-22T14:01:31","modified_gmt":"2022-11-22T17:01:31","slug":"morre-cantor-e-compositor-erasmo-carlos","status":"publish","type":"post","link":"https:\/\/blogdoedvaldomagalhaes.com.br\/index.php\/2022\/11\/22\/morre-cantor-e-compositor-erasmo-carlos\/","title":{"rendered":"Morre cantor e compositor Erasmo Carlos"},"content":{"rendered":"<p style=\"text-align: justify;\">Erasmo Carlos morreu nesta ter\u00e7a-feira (22). O cantor e compositor havia sido internado pela manh\u00e3 de ontem (21) no Hospital Barra D\u2019or, na Barra da Tijuca, no Rio de Janeiro, \u00e0s pressas.<\/p>\n<p style=\"text-align: justify;\">Erasmo havia recebido alta no in\u00edcio do m\u00eas ap\u00f3s ficar internado por nove dias no hospital, com um quadro de edema.<\/p>\n<p style=\"text-align: justify;\">A esposa de Erasmo Carlos, Fernanda, estava ao lado do cantor na hora da morte. A causa da morte ainda n\u00e3o foi divulgada.<\/p>\n<p style=\"text-align: justify;\">Erasmo Carlos tinha 81 anos e vinha h\u00e1 alguns meses tratando uma s\u00edndrome edemig\u00eanica, doen\u00e7a que ocorre quando h\u00e1 um desequil\u00edbrio bioqu\u00edmico, dificultando a manuten\u00e7\u00e3o dos l\u00edquidos dentro dos vasos sangu\u00edneos. Geralmente \u00e9 causada por doen\u00e7as card\u00edacas, renais ou dos pr\u00f3prios vasos. Foto: Divulga\u00e7\u00e3o.<\/p>\n<p style=\"text-align: justify;\">Siga o Instagram do Blog @blogdoedvaldomagalhaes<\/p>\n","protected":false},"excerpt":{"rendered":"<p>Erasmo Carlos morreu nesta ter\u00e7a-feira (22). O cantor e compositor havia sido internado pela manh\u00e3 de ontem (21) no Hospital&hellip;<\/p>\n","protected":false},"author":1,"featured_media":90128,"comment_status":"closed","ping_status":"open","sticky":false,"template":"","format":"standard","meta":{"footnotes":""},"categories":[14120],"tags":[2,19532,3406,26117],"class_list":["post-90127","post","type-post","status-publish","format-standard","has-post-thumbnail","hentry","category-noticias","tag-blog-do-edvaldo-magalhaes","tag-blog-mais-acessado-e-visualizado-de-caruaru-e-regiao","tag-caruaru","tag-morre-cantor-e-compositor-erasmo-carlos"],"_links":{"self":[{"href":"https:\/\/blogdoedvaldomagalhaes.com.br\/index.php\/wp-json\/wp\/v2\/posts\/90127","targetHints":{"allow":["GET"]}}],"collection":[{"href":"https:\/\/blogdoedvaldomagalhaes.com.br\/index.php\/wp-json\/wp\/v2\/posts"}],"about":[{"href":"https:\/\/blogdoedvaldomagalhaes.com.br\/index.php\/wp-json\/wp\/v2\/types\/post"}],"author":[{"embeddable":true,"href":"https:\/\/blogdoedvaldomagalhaes.com.br\/index.php\/wp-json\/wp\/v2\/users\/1"}],"replies":[{"embeddable":true,"href":"https:\/\/blogdoedvaldomagalhaes.com.br\/index.php\/wp-json\/wp\/v2\/comments?post=90127"}],"version-history":[{"count":1,"href":"https:\/\/blogdoedvaldomagalhaes.com.br\/index.php\/wp-json\/wp\/v2\/posts\/90127\/revisions"}],"predecessor-version":[{"id":90129,"href":"https:\/\/blogdoedvaldomagalhaes.com.br\/index.php\/wp-json\/wp\/v2\/posts\/90127\/revisions\/90129"}],"wp:featuredmedia":[{"embeddable":true,"href":"https:\/\/blogdoedvaldomagalhaes.com.br\/index.php\/wp-json\/wp\/v2\/media\/90128"}],"wp:attachment":[{"href":"https:\/\/blogdoedvaldomagalhaes.com.br\/index.php\/wp-json\/wp\/v2\/media?parent=90127"}],"wp:term":[{"taxonomy":"category","embeddable":true,"href":"https:\/\/blogdoedvaldomagalhaes.com.br\/index.php\/wp-json\/wp\/v2\/categories?post=90127"},{"taxonomy":"post_tag","embeddable":true,"href":"https:\/\/blogdoedvaldomagalhaes.com.br\/index.php\/wp-json\/wp\/v2\/tags?post=90127"}],"curies":[{"name":"wp","href":"https:\/\/api.w.org\/{rel}","templated":true}]}}