{"id":90123,"date":"2022-11-22T13:43:55","date_gmt":"2022-11-22T16:43:55","guid":{"rendered":"https:\/\/blogdoedvaldomagalhaes.com.br\/?p=90123"},"modified":"2022-11-22T13:43:57","modified_gmt":"2022-11-22T16:43:57","slug":"com-nota-maxima-documentario-sobre-o-jornalista-alexandre-farias-e-apresentado","status":"publish","type":"post","link":"https:\/\/blogdoedvaldomagalhaes.com.br\/index.php\/2022\/11\/22\/com-nota-maxima-documentario-sobre-o-jornalista-alexandre-farias-e-apresentado\/","title":{"rendered":"Com nota m\u00e1xima: Document\u00e1rio sobre o jornalista Alexandre Farias \u00e9 apresentado"},"content":{"rendered":"<p style=\"text-align: justify;\"><span style=\"font-size: revert; color: initial;\">Na noite dessa segunda-feira (21), o acad\u00eamico de jornalismo e rep\u00f3rter do Portal Caruaru 24 Horas, Kalebe Pereira, apresentou o seu document\u00e1rio para conclus\u00e3o do curso de jornalismo, no audit\u00f3rio da faculdade Asces-Unita.<\/span><\/p>\n<p style=\"text-align: justify;\">O document\u00e1rio teve como tema &#8220;A vida venceu&#8221;, onde conta a hist\u00f3ria de vida e supera\u00e7\u00e3o do jornalista, Alexandre Farias. Alexandre foi atingido por uma bala perdida, em 2016, e desde ent\u00e3o, tem mostrado toda sua for\u00e7a, resili\u00eancia e vontade de viver.<\/p>\n<p style=\"text-align: justify;\">Na ocasi\u00e3o, o jornalista e homenageado esteve presente. No audit\u00f3rio da Asces, a emo\u00e7\u00e3o tomou conta, e todos se emocionaram com a exibi\u00e7\u00e3o da hist\u00f3ria vitoriosa de Alexandre Farias.<\/p>\n<p style=\"text-align: justify;\">O acad\u00eamico, Kalebe Pereira, obteve nota m\u00e1xima em seu trabalho. Concluindo a sua gradua\u00e7\u00e3o com muita garra e maestria. A equipe do Blog do Edvaldo Magalh\u00e3es parabeniza e deseja sucesso para Kalebe Pereira.<\/p>\n<p style=\"text-align: justify;\">Siga o Instagram do Blog @blogdoedvaldomagalhaes<\/p>\n","protected":false},"excerpt":{"rendered":"<p>Na noite dessa segunda-feira (21), o acad\u00eamico de jornalismo e rep\u00f3rter do Portal Caruaru 24 Horas, Kalebe Pereira, apresentou o&hellip;<\/p>\n","protected":false},"author":1,"featured_media":90125,"comment_status":"closed","ping_status":"open","sticky":false,"template":"","format":"standard","meta":{"footnotes":""},"categories":[14120],"tags":[2,19532,3406,26116],"class_list":["post-90123","post","type-post","status-publish","format-standard","has-post-thumbnail","hentry","category-noticias","tag-blog-do-edvaldo-magalhaes","tag-blog-mais-acessado-e-visualizado-de-caruaru-e-regiao","tag-caruaru","tag-com-nota-maxima-documentario-sobre-o-jornalista-alexandre-farias-e-apresentado"],"_links":{"self":[{"href":"https:\/\/blogdoedvaldomagalhaes.com.br\/index.php\/wp-json\/wp\/v2\/posts\/90123","targetHints":{"allow":["GET"]}}],"collection":[{"href":"https:\/\/blogdoedvaldomagalhaes.com.br\/index.php\/wp-json\/wp\/v2\/posts"}],"about":[{"href":"https:\/\/blogdoedvaldomagalhaes.com.br\/index.php\/wp-json\/wp\/v2\/types\/post"}],"author":[{"embeddable":true,"href":"https:\/\/blogdoedvaldomagalhaes.com.br\/index.php\/wp-json\/wp\/v2\/users\/1"}],"replies":[{"embeddable":true,"href":"https:\/\/blogdoedvaldomagalhaes.com.br\/index.php\/wp-json\/wp\/v2\/comments?post=90123"}],"version-history":[{"count":1,"href":"https:\/\/blogdoedvaldomagalhaes.com.br\/index.php\/wp-json\/wp\/v2\/posts\/90123\/revisions"}],"predecessor-version":[{"id":90126,"href":"https:\/\/blogdoedvaldomagalhaes.com.br\/index.php\/wp-json\/wp\/v2\/posts\/90123\/revisions\/90126"}],"wp:featuredmedia":[{"embeddable":true,"href":"https:\/\/blogdoedvaldomagalhaes.com.br\/index.php\/wp-json\/wp\/v2\/media\/90125"}],"wp:attachment":[{"href":"https:\/\/blogdoedvaldomagalhaes.com.br\/index.php\/wp-json\/wp\/v2\/media?parent=90123"}],"wp:term":[{"taxonomy":"category","embeddable":true,"href":"https:\/\/blogdoedvaldomagalhaes.com.br\/index.php\/wp-json\/wp\/v2\/categories?post=90123"},{"taxonomy":"post_tag","embeddable":true,"href":"https:\/\/blogdoedvaldomagalhaes.com.br\/index.php\/wp-json\/wp\/v2\/tags?post=90123"}],"curies":[{"name":"wp","href":"https:\/\/api.w.org\/{rel}","templated":true}]}}