{"id":90113,"date":"2022-11-21T19:48:10","date_gmt":"2022-11-21T22:48:10","guid":{"rendered":"https:\/\/blogdoedvaldomagalhaes.com.br\/?p=90113"},"modified":"2022-11-21T19:48:11","modified_gmt":"2022-11-21T22:48:11","slug":"pernambuco-vai-aplicar-5a-dose-da-vacina-contra-a-covid-19-nos-idosos-com-mais-de-80-anos","status":"publish","type":"post","link":"https:\/\/blogdoedvaldomagalhaes.com.br\/index.php\/2022\/11\/21\/pernambuco-vai-aplicar-5a-dose-da-vacina-contra-a-covid-19-nos-idosos-com-mais-de-80-anos\/","title":{"rendered":"Pernambuco vai aplicar 5\u00aa dose da vacina contra a Covid-19 nos idosos com mais de 80 anos"},"content":{"rendered":"<p style=\"text-align: justify;\"><span style=\"font-size: revert; color: initial;\">Atenta aos grupos mais vulner\u00e1veis para formas graves da Covid-19, a Secretaria Estadual de Sa\u00fade (SES-PE) decidiu, em conjunto com gestores municipais em reuni\u00e3o da Comiss\u00e3o Intergestores Bipartite (CIB) na manh\u00e3 desta segunda-feira (21\/11), aplicar uma quinta dose (terceira dose de refor\u00e7o) da vacina contra a doen\u00e7a nas pessoas com 80 anos ou mais. A estimativa aponta que, em Pernambuco, 264 mil pessoas estejam nessa faixa et\u00e1ria.<\/span><\/p>\n<p style=\"text-align: justify;\">A defini\u00e7\u00e3o foi balizada pela indica\u00e7\u00e3o dos especialistas membros do Comit\u00ea T\u00e9cnico Estadual de Acompanhamento da Vacina\u00e7\u00e3o, al\u00e9m do \u00faltimo levantamento t\u00e9cnico da pasta, que apontou grande percentual de pacientes maiores de 80 anos entre os internados pela Covid-19 nos leitos de terapia intensiva e enfermaria nas unidades de sa\u00fade pernambucanas.<\/p>\n<p style=\"text-align: justify;\">\u201cConsiderando que os idosos acima de 80 anos sofrem com a imunossenesc\u00eancia, perda progressiva da imunidade associada ao avan\u00e7o da idade, o que \u00e9 um grande fator de risco para adoecimentos graves pela Covid-19, Pernambuco decide, neste momento, autorizar a aplica\u00e7\u00e3o de uma terceira dose de refor\u00e7o nesta popula\u00e7\u00e3o, garantindo, assim, uma prote\u00e7\u00e3o mais robusta aos nossos idosos. Sabemos, tamb\u00e9m, que o cen\u00e1rio atual aponta uma falta de disponibilidade, por parte do governo federal, de imunizantes que atendam toda a popula\u00e7\u00e3o\u201d, ressalta o secret\u00e1rio estadual de Sa\u00fade, Andr\u00e9 Longo.<\/p>\n<p style=\"text-align: justify;\">Os imunizantes utilizados para a quinta dose dos idosos ser\u00e3o da Pfizer\/BioNTech, j\u00e1 acondicionados no Programa Estadual de Imuniza\u00e7\u00e3o (PEI-PE). As vacinas destinadas a esse p\u00fablico ser\u00e3o enviadas para as Ger\u00eancias Regionais de Sa\u00fade (Geres) na pr\u00f3xima quarta-feira (23\/11), onde ficar\u00e3o dispon\u00edveis para retirada por parte dos munic\u00edpios. \u201c\u00c9 importante lembrar que s\u00f3 poder\u00e3o tomar a quinta dose aqueles idosos que j\u00e1 tenham, no m\u00ednimo, quatro meses de aplica\u00e7\u00e3o da quarta dose da vacina. Se n\u00e3o, as equipes devem orientar a pessoa ou seus cuidados a voltar em tempo oportuno para aplica\u00e7\u00e3o desta terceira dose de refor\u00e7o\u201d, explica a superintendente de Imuniza\u00e7\u00f5es de Pernambuco, Ana Catarina de Melo.<\/p>\n<p style=\"text-align: justify;\">Outro fator importante para a decis\u00e3o foi a confirma\u00e7\u00e3o, nas \u00faltimas semanas, da circula\u00e7\u00e3o da BQ.1 e da XBB, subvariantes da \u00d4micron, linhagem da Covid-19, em territ\u00f3rio pernambucano. \u201cAs subvariantes da \u00d4micron s\u00e3o especialmente mais evasivas para a resposta imune das vacinas j\u00e1 administradas na popula\u00e7\u00e3o. O ideal seria que j\u00e1 tiv\u00e9ssemos dispon\u00edveis no Brasil as vacinas bivalentes que incluem, ao menos, as subvariantes BA.4 e BA.5 da \u00d4micron. Entretanto, na sua aus\u00eancia, existem evid\u00eancias que novos refor\u00e7os com a vacina da Pfizer, induzem melhoria da prote\u00e7\u00e3o imunol\u00f3gica. Por isso, esta \u00e9 uma decis\u00e3o baseada no bom senso, na ci\u00eancia e nas experi\u00eancias relatadas por outros pa\u00edses\u201d, pontua o pediatra Eduardo Jorge, membro do Comit\u00ea Estadual de Acompanhamento da Vacina\u00e7\u00e3o.<\/p>\n<p style=\"text-align: justify;\"><b> PARA CRIAN\u00c7AS \u2013<\/b>\u00a0Ap\u00f3s um per\u00edodo de hiato por parte do Minist\u00e9rio da Sa\u00fade, Pernambuco deve receber, na tarde desta ter\u00e7a-feira (22\/11), um lote com 40 mil doses de Coronavac destinadas para a faixa et\u00e1ria de 3 e 4 anos de idade. A nova remessa ser\u00e1 enviada para as Geres na quarta (23), junto com os lotes de Pfizer destinados \u00e0 quinta dose dos idosos. Durante reuni\u00e3o da CIB nesta segunda, a Secretaria voltou a alertar os gestores municipais sobre a import\u00e2ncia de organizar o estoque, garantindo a correta administra\u00e7\u00e3o das doses, uma vez que o recebimento de imunizantes da Coronavac para este grupo vem sofrendo descontinuidade na entrega de remessas pelo governo federal desde o primeiro semestre deste ano.<\/p>\n<p style=\"text-align: justify;\"><b>ANTIVIRAIS PARA COVID \u2013\u00a0<\/b>Tamb\u00e9m foi pactuado na reuni\u00e3o da CIB os crit\u00e9rios para distribui\u00e7\u00e3o e dispensa\u00e7\u00e3o no Estado de 2.045 kits do antiviral nirmatrelvir + ritonavir, medicamentos enviados pelo Minist\u00e9rio da Sa\u00fade para tratamento, em car\u00e1ter experimental, da Covid-19.<\/p>\n<p style=\"text-align: justify;\">Segundo recomenda\u00e7\u00f5es do \u00f3rg\u00e3o federal, os pr\u00e9-requisitos para uso da associa\u00e7\u00e3o dos f\u00e1rmacos s\u00e3o pacientes com teste positivo para a doen\u00e7a, que n\u00e3o requerem o uso de oxig\u00eanio suplementar e que estejam at\u00e9 o quinto dia do in\u00edcio dos sintomas. O p\u00fablico-alvo para o tratamento experimental s\u00e3o pacientes imunossuprimidos com 18 anos ou mais ou pacientes em geral a partir de 65 anos.<\/p>\n<p style=\"text-align: justify;\">Diante da pouca quantidade recebida, ficou definido que os kits ser\u00e3o encaminhados para as sedes das Geres. Cada Ger\u00eancia dever\u00e1 se reunir, nos pr\u00f3ximos dias, com os munic\u00edpios para pactuar e organizar a distribui\u00e7\u00e3o dos f\u00e1rmacos. Foto: Reprodu\u00e7\u00e3o.<\/p>\n<p style=\"text-align: justify;\">Siga o Instagram do Blog @blogdoedvaldomagalhaes<\/p>\n<p style=\"text-align: justify;\">Se inscreva no canal do Blog no YouTube.<\/p>\n","protected":false},"excerpt":{"rendered":"<p>Atenta aos grupos mais vulner\u00e1veis para formas graves da Covid-19, a Secretaria Estadual de Sa\u00fade (SES-PE) decidiu, em conjunto com&hellip;<\/p>\n","protected":false},"author":1,"featured_media":32066,"comment_status":"closed","ping_status":"open","sticky":false,"template":"","format":"standard","meta":{"footnotes":""},"categories":[14120],"tags":[2,19532,3406,26113],"class_list":["post-90113","post","type-post","status-publish","format-standard","has-post-thumbnail","hentry","category-noticias","tag-blog-do-edvaldo-magalhaes","tag-blog-mais-acessado-e-visualizado-de-caruaru-e-regiao","tag-caruaru","tag-pernambuco-vai-aplicar-5a-dose-da-vacina-contra-a-covid-19-nos-idosos-com-mais-de-80-anos"],"_links":{"self":[{"href":"https:\/\/blogdoedvaldomagalhaes.com.br\/index.php\/wp-json\/wp\/v2\/posts\/90113","targetHints":{"allow":["GET"]}}],"collection":[{"href":"https:\/\/blogdoedvaldomagalhaes.com.br\/index.php\/wp-json\/wp\/v2\/posts"}],"about":[{"href":"https:\/\/blogdoedvaldomagalhaes.com.br\/index.php\/wp-json\/wp\/v2\/types\/post"}],"author":[{"embeddable":true,"href":"https:\/\/blogdoedvaldomagalhaes.com.br\/index.php\/wp-json\/wp\/v2\/users\/1"}],"replies":[{"embeddable":true,"href":"https:\/\/blogdoedvaldomagalhaes.com.br\/index.php\/wp-json\/wp\/v2\/comments?post=90113"}],"version-history":[{"count":1,"href":"https:\/\/blogdoedvaldomagalhaes.com.br\/index.php\/wp-json\/wp\/v2\/posts\/90113\/revisions"}],"predecessor-version":[{"id":90114,"href":"https:\/\/blogdoedvaldomagalhaes.com.br\/index.php\/wp-json\/wp\/v2\/posts\/90113\/revisions\/90114"}],"wp:featuredmedia":[{"embeddable":true,"href":"https:\/\/blogdoedvaldomagalhaes.com.br\/index.php\/wp-json\/wp\/v2\/media\/32066"}],"wp:attachment":[{"href":"https:\/\/blogdoedvaldomagalhaes.com.br\/index.php\/wp-json\/wp\/v2\/media?parent=90113"}],"wp:term":[{"taxonomy":"category","embeddable":true,"href":"https:\/\/blogdoedvaldomagalhaes.com.br\/index.php\/wp-json\/wp\/v2\/categories?post=90113"},{"taxonomy":"post_tag","embeddable":true,"href":"https:\/\/blogdoedvaldomagalhaes.com.br\/index.php\/wp-json\/wp\/v2\/tags?post=90113"}],"curies":[{"name":"wp","href":"https:\/\/api.w.org\/{rel}","templated":true}]}}