{"id":90109,"date":"2022-11-21T19:07:03","date_gmt":"2022-11-21T22:07:03","guid":{"rendered":"https:\/\/blogdoedvaldomagalhaes.com.br\/?p=90109"},"modified":"2022-11-21T19:07:04","modified_gmt":"2022-11-21T22:07:04","slug":"feira-da-sulanca-de-caruaru-conta-com-servicos-basicos-de-saude-atraves-do-saude-na-feira","status":"publish","type":"post","link":"https:\/\/blogdoedvaldomagalhaes.com.br\/index.php\/2022\/11\/21\/feira-da-sulanca-de-caruaru-conta-com-servicos-basicos-de-saude-atraves-do-saude-na-feira\/","title":{"rendered":"Feira da Sulanca de Caruaru conta com servi\u00e7os b\u00e1sicos de sa\u00fade atrav\u00e9s do &#8216;Sa\u00fade na Feira&#8217;"},"content":{"rendered":"<p style=\"text-align: justify;\"><span style=\"color: initial; font-size: revert;\">Para facilitar o acesso aos servi\u00e7os de sa\u00fade \u00e0 popula\u00e7\u00e3o que comercializa e de turistas que compram seus produtos nas feiras que acontecem no entorno do Parque 18 de maio, a Secretaria de Sa\u00fade de Caruaru, implantou a unidade de sa\u00fade do projeto \u2018Sa\u00fade na Feira\u2019, que oferece servi\u00e7os b\u00e1sicos de sa\u00fade para quem transita pelo local.<\/span><\/p>\n<p style=\"text-align: justify;\">A unidade de atendimento fica localizada ao lado da sede do Servi\u00e7o Social do Com\u00e9rcio (SESC) e funciona das 4h \u00e0s 13h, aos domingo e segundas-feira.<\/p>\n<p style=\"text-align: justify;\">\u201cNo local s\u00e3o ofertados servi\u00e7os b\u00e1sicos de sa\u00fade como aferi\u00e7\u00e3o de press\u00e3o arterial, glicemia, satura\u00e7\u00e3o, entre outros servi\u00e7os&#8221;, explicou a coordenadora de Urg\u00eancia e Emerg\u00eancia de Caruaru, Rosiclere Aguiar.<\/p>\n<p>Siga o Instagram do Blog @blogdoedvaldomagalhaes<\/p>\n<p>Se inscreva no canal do Blog no YouTube.<\/p>\n\n\n<figure class=\"wp-block-image size-large\"><img loading=\"lazy\" decoding=\"async\" width=\"1024\" height=\"682\" src=\"https:\/\/blogdoedvaldomagalhaes.com.br\/wp-content\/uploads\/2022\/11\/IMG-20221121-WA0063-1024x682.jpg\" alt=\"\" class=\"wp-image-90110\" srcset=\"https:\/\/blogdoedvaldomagalhaes.com.br\/wp-content\/uploads\/2022\/11\/IMG-20221121-WA0063-1024x682.jpg 1024w, https:\/\/blogdoedvaldomagalhaes.com.br\/wp-content\/uploads\/2022\/11\/IMG-20221121-WA0063-300x200.jpg 300w, https:\/\/blogdoedvaldomagalhaes.com.br\/wp-content\/uploads\/2022\/11\/IMG-20221121-WA0063-768x512.jpg 768w, https:\/\/blogdoedvaldomagalhaes.com.br\/wp-content\/uploads\/2022\/11\/IMG-20221121-WA0063.jpg 1280w\" sizes=\"auto, (max-width: 1024px) 100vw, 1024px\" \/><figcaption>Fotos: Felipe Correia<\/figcaption><\/figure>\n","protected":false},"excerpt":{"rendered":"<p>Para facilitar o acesso aos servi\u00e7os de sa\u00fade \u00e0 popula\u00e7\u00e3o que comercializa e de turistas que compram seus produtos nas&hellip;<\/p>\n","protected":false},"author":1,"featured_media":90111,"comment_status":"closed","ping_status":"open","sticky":false,"template":"","format":"standard","meta":{"footnotes":""},"categories":[14120],"tags":[],"class_list":["post-90109","post","type-post","status-publish","format-standard","has-post-thumbnail","hentry","category-noticias"],"_links":{"self":[{"href":"https:\/\/blogdoedvaldomagalhaes.com.br\/index.php\/wp-json\/wp\/v2\/posts\/90109","targetHints":{"allow":["GET"]}}],"collection":[{"href":"https:\/\/blogdoedvaldomagalhaes.com.br\/index.php\/wp-json\/wp\/v2\/posts"}],"about":[{"href":"https:\/\/blogdoedvaldomagalhaes.com.br\/index.php\/wp-json\/wp\/v2\/types\/post"}],"author":[{"embeddable":true,"href":"https:\/\/blogdoedvaldomagalhaes.com.br\/index.php\/wp-json\/wp\/v2\/users\/1"}],"replies":[{"embeddable":true,"href":"https:\/\/blogdoedvaldomagalhaes.com.br\/index.php\/wp-json\/wp\/v2\/comments?post=90109"}],"version-history":[{"count":1,"href":"https:\/\/blogdoedvaldomagalhaes.com.br\/index.php\/wp-json\/wp\/v2\/posts\/90109\/revisions"}],"predecessor-version":[{"id":90112,"href":"https:\/\/blogdoedvaldomagalhaes.com.br\/index.php\/wp-json\/wp\/v2\/posts\/90109\/revisions\/90112"}],"wp:featuredmedia":[{"embeddable":true,"href":"https:\/\/blogdoedvaldomagalhaes.com.br\/index.php\/wp-json\/wp\/v2\/media\/90111"}],"wp:attachment":[{"href":"https:\/\/blogdoedvaldomagalhaes.com.br\/index.php\/wp-json\/wp\/v2\/media?parent=90109"}],"wp:term":[{"taxonomy":"category","embeddable":true,"href":"https:\/\/blogdoedvaldomagalhaes.com.br\/index.php\/wp-json\/wp\/v2\/categories?post=90109"},{"taxonomy":"post_tag","embeddable":true,"href":"https:\/\/blogdoedvaldomagalhaes.com.br\/index.php\/wp-json\/wp\/v2\/tags?post=90109"}],"curies":[{"name":"wp","href":"https:\/\/api.w.org\/{rel}","templated":true}]}}