{"id":90106,"date":"2022-11-21T10:11:14","date_gmt":"2022-11-21T13:11:14","guid":{"rendered":"https:\/\/blogdoedvaldomagalhaes.com.br\/?p=90106"},"modified":"2022-11-21T10:11:15","modified_gmt":"2022-11-21T13:11:15","slug":"triplicacao-da-br-232-governo-do-estado-inicia-nova-etapa-das-obras","status":"publish","type":"post","link":"https:\/\/blogdoedvaldomagalhaes.com.br\/index.php\/2022\/11\/21\/triplicacao-da-br-232-governo-do-estado-inicia-nova-etapa-das-obras\/","title":{"rendered":"Triplica\u00e7\u00e3o da BR-232: Governo do Estado inicia nova etapa das obras"},"content":{"rendered":"<p style=\"text-align: justify;\"><span style=\"color: initial; font-size: revert;\">O Governo de Pernambuco segue avan\u00e7ando no cronograma de execu\u00e7\u00e3o das obras de triplica\u00e7\u00e3o da BR-232, no trecho de acesso \u00e0 Regi\u00e3o Metropolitana do Recife (RMR). Neste domingo\u00a0 (20.11), as equipes do Departamento de Estradas de Rodagem (DER) come\u00e7ar\u00e3o a executar a pavimenta\u00e7\u00e3o em concreto da pista principal, em um trecho com extens\u00e3o de tr\u00eas quil\u00f4metros, situado entre os Km 4,7 e 7,7. O prazo previsto para a conclus\u00e3o desta primeira etapa \u00e9 de 15 dias.\u00a0<\/span><\/p>\n<p style=\"text-align: justify;\">Durante a realiza\u00e7\u00e3o dessa nova etapa ser\u00e1 necess\u00e1ria a interdi\u00e7\u00e3o da pista que passa pelo viaduto sobre a BR-101, no final da Av. Abdias de Carvalho, no sentido Capital-Interior. Com isso, a partir deste domingo\u00a0 (20.11), o tr\u00e1fego ser\u00e1 desviado para al\u00e7a \u00e0 direita, que leva \u00e0 BR-101. Desta forma, os condutores que seguem pela Av. Abdias de Carvalho para a BR-232, no sentido Interior, dever\u00e3o entrar na al\u00e7a \u00e0 direita; dirigir at\u00e9 a pista principal da BR-101; continuar pela pista lateral no sentido Paulista at\u00e9 a Reitoria da UFPE; fazer o retorno no giradouro embaixo dos viadutos; seguir pela pista lateral no sentido Ceasa e entrar na al\u00e7a \u00e0 direita, ap\u00f3s o posto da PRF, chegando \u00e0 rodovia.<\/p>\n<p style=\"text-align: justify;\">J\u00e1 os ve\u00edculos que vierem pela Av. Recife dever\u00e3o continuar em frente at\u00e9 a rotat\u00f3ria da UFPE; retornar pela BR-101, seguindo sentido Ceasa e entrar na al\u00e7a de acesso \u00e0 BR-232, logo ap\u00f3s o posto da PRF. Os trajetos dos desvios est\u00e3o devidamente sinalizados com placas informativas para orientar os condutores. Haver\u00e1 sinaliza\u00e7\u00e3o nos pontos de interdi\u00e7\u00e3o e funcion\u00e1rios da obra estar\u00e3o no local para orientar os condutores.<\/p>\n<p style=\"text-align: justify;\">As obras de triplica\u00e7\u00e3o da BR-232 contemplam um trecho de 6,8 quil\u00f4metros, no bairro do Curado. Elas foram iniciadas em mar\u00e7o, com prazo previsto para serem conclu\u00eddas em um ano. As a\u00e7\u00f5es s\u00e3o executadas pelo DER, sob coordena\u00e7\u00e3o da Secretaria de Infraestrutura e Recursos H\u00eddricos (Seinfra), e t\u00eam parceria com a Prefeitura do Recife. A iniciativa conta com investimento de R$ 100 milh\u00f5es. Quando conclu\u00edda, a obra da BR-232 vai melhorar a fluidez naquele segmento da via, por onde circulam diariamente cerca de 67 mil ve\u00edculos, reduzindo o tempo do trajeto de uma hora para 25 minutos nos hor\u00e1rios de pico. Foto:\u00a0Fl\u00e1vio Japa.<\/p>\n<p style=\"text-align: justify;\">Siga o Instagram do Blog @blogdoedvaldomagalhaes<\/p>\n<p style=\"text-align: justify;\">Se inscreva no canal do Blog no YouTube.<\/p>\n","protected":false},"excerpt":{"rendered":"<p>O Governo de Pernambuco segue avan\u00e7ando no cronograma de execu\u00e7\u00e3o das obras de triplica\u00e7\u00e3o da BR-232, no trecho de acesso&hellip;<\/p>\n","protected":false},"author":1,"featured_media":90107,"comment_status":"closed","ping_status":"open","sticky":false,"template":"","format":"standard","meta":{"footnotes":""},"categories":[14120],"tags":[2,19532,3406,26111],"class_list":["post-90106","post","type-post","status-publish","format-standard","has-post-thumbnail","hentry","category-noticias","tag-blog-do-edvaldo-magalhaes","tag-blog-mais-acessado-e-visualizado-de-caruaru-e-regiao","tag-caruaru","tag-triplicacao-da-br-232-governo-do-estado-inicia-nova-etapa-das-obras"],"_links":{"self":[{"href":"https:\/\/blogdoedvaldomagalhaes.com.br\/index.php\/wp-json\/wp\/v2\/posts\/90106","targetHints":{"allow":["GET"]}}],"collection":[{"href":"https:\/\/blogdoedvaldomagalhaes.com.br\/index.php\/wp-json\/wp\/v2\/posts"}],"about":[{"href":"https:\/\/blogdoedvaldomagalhaes.com.br\/index.php\/wp-json\/wp\/v2\/types\/post"}],"author":[{"embeddable":true,"href":"https:\/\/blogdoedvaldomagalhaes.com.br\/index.php\/wp-json\/wp\/v2\/users\/1"}],"replies":[{"embeddable":true,"href":"https:\/\/blogdoedvaldomagalhaes.com.br\/index.php\/wp-json\/wp\/v2\/comments?post=90106"}],"version-history":[{"count":1,"href":"https:\/\/blogdoedvaldomagalhaes.com.br\/index.php\/wp-json\/wp\/v2\/posts\/90106\/revisions"}],"predecessor-version":[{"id":90108,"href":"https:\/\/blogdoedvaldomagalhaes.com.br\/index.php\/wp-json\/wp\/v2\/posts\/90106\/revisions\/90108"}],"wp:featuredmedia":[{"embeddable":true,"href":"https:\/\/blogdoedvaldomagalhaes.com.br\/index.php\/wp-json\/wp\/v2\/media\/90107"}],"wp:attachment":[{"href":"https:\/\/blogdoedvaldomagalhaes.com.br\/index.php\/wp-json\/wp\/v2\/media?parent=90106"}],"wp:term":[{"taxonomy":"category","embeddable":true,"href":"https:\/\/blogdoedvaldomagalhaes.com.br\/index.php\/wp-json\/wp\/v2\/categories?post=90106"},{"taxonomy":"post_tag","embeddable":true,"href":"https:\/\/blogdoedvaldomagalhaes.com.br\/index.php\/wp-json\/wp\/v2\/tags?post=90106"}],"curies":[{"name":"wp","href":"https:\/\/api.w.org\/{rel}","templated":true}]}}